{"id":14722,"date":"2021-05-20T11:18:46","date_gmt":"2021-05-20T14:18:46","guid":{"rendered":"https:\/\/tvc16.com\/portal\/?p=14722"},"modified":"2021-05-20T11:18:48","modified_gmt":"2021-05-20T14:18:48","slug":"pandemia-faz-cair-deteccao-precoce-de-glaucoma","status":"publish","type":"post","link":"https:\/\/tvc16.com\/portal\/2021\/05\/20\/pandemia-faz-cair-deteccao-precoce-de-glaucoma\/","title":{"rendered":"Pandemia faz cair detec\u00e7\u00e3o precoce de glaucoma"},"content":{"rendered":"\n<h3 class=\"wp-block-heading\">Queda \u00e9 de 30% no n\u00famero de exames, diz conselho<\/h3>\n\n\n\n<h4 class=\"wp-block-heading\">Por Pedro Peduzzi &#8211; Rep\u00f3rter da Ag\u00eancia Brasil &#8211; Bras\u00edlia<\/h4>\n\n\n\n<p>O n\u00famero de exames para detec\u00e7\u00e3o precoce de glaucoma caiu 30% devido \u00e0 diminui\u00e7\u00e3o da quantidade de pacientes que v\u00e3o \u00e0s unidades de sa\u00fade, desde que a pandemia teve in\u00edcio. A situa\u00e7\u00e3o \u00e9 preocupante, segundo o Conselho Brasileiro de Oftalmologia (CBO), uma vez que essa \u00e9 principal causa de cegueira evit\u00e1vel.&nbsp;O alerta dos oftalmologistas ocorre no m\u00eas em que \u00e9 celebrado o Dia Nacional de Combate ao Glaucoma,&nbsp;26 de maio.<img decoding=\"async\" src=\"https:\/\/agenciabrasil.ebc.com.br\/ebc.png?id=1410225&amp;o=node\"><img decoding=\"async\" src=\"https:\/\/agenciabrasil.ebc.com.br\/ebc.gif?id=1410225&amp;o=node\"><\/p>\n\n\n\n<p>Levantamento do CBO mostra que \u201cquase 1,6 milh\u00e3o de exames com essa finalidade diagn\u00f3stica deixaram de ser feitos somente no Sistema \u00danico de Sa\u00fade (SUS)\u201d. De acordo com a entidade, pelo menos 6,7 mil procedimentos cir\u00fargicos que poderiam reverter e tratar a doen\u00e7a, tamb\u00e9m deixaram de ser feitos em 2020<\/p>\n\n\n\n<p>\u201cAs restri\u00e7\u00f5es para receber pacientes em hospitais, a transfer\u00eancia de leitos para o tratamento da covid-19 e o medo de pacientes de procurar ajuda m\u00e9dica por causa da pandemia derrubaram o n\u00famero de exames&#8221;.&nbsp;<\/p>\n\n\n\n<p>Ainda segundo a entidade, essa queda prejudicou a investiga\u00e7\u00e3o de poss\u00edveis casos novos da doen\u00e7a, contribuindo para o atraso no tratamento e o acompanhamento de situa\u00e7\u00f5es confirmadas, que exigem monitoramento para evitar o agravamento.<\/p>\n\n\n\n<p>\u201cUm dos grandes desafios no diagn\u00f3stico do glaucoma \u00e9 que nem sempre apresenta sintomas. Por isso, alertar sobre o assunto \u00e9 sempre muito importante e buscar um oftalmologista para examinar os olhos \u00e9 fundamental\u201d, informa o presidente do Conselho Brasileiro de Oftalmologia, Jos\u00e9 Beniz Neto.<\/p>\n\n\n\n<p>Segundo o CBO, o glaucoma pode ser motivo de perda visual irrevers\u00edvel porque, quando a press\u00e3o intraocular aumenta, o nervo \u00f3ptico \u00e9 lesionado, levando \u00e0 diminui\u00e7\u00e3o do campo visual. \u201c\u00c9 como se o cabo de transmiss\u00e3o de informa\u00e7\u00f5es de uma c\u00e2mera para o computador fosse danificado (fun\u00e7\u00e3o do nervo \u00f3tico)\u201d, acrescenta o vice-presidente do CBO, Cristiano Caixeta Umbelino.<\/p>\n\n\n\n<p>Tendo por base n\u00fameros do Sistema de Informa\u00e7\u00f5es Ambulatoriais do SUS, o CBO informa que em todas as regi\u00f5es brasileiras foi registrada diminui\u00e7\u00e3o no n\u00famero de exames preventivos para glaucoma. Em S\u00e3o Paulo, foram 348,6 mil exames a menos; na Bahia, a queda ficou em 202,4 mil exames aplicados; e no Rio Grande do Sul foram 122,5 mil exames a menos.<\/p>\n\n\n\n<p>\u201cEm termos percentuais, a redu\u00e7\u00e3o foi mais significativa no Amazonas (-67%), Piau\u00ed (-67%) e Acre (-64%)\u201d, acrescenta o CBO. Ainda segundo o levantamento, nas capitais a quantidade de exames diminuiu em 542.238 \u2013 o que representa, em termos percentuais, uma redu\u00e7\u00e3o de 33% na compara\u00e7\u00e3o com 2019.<\/p>\n\n\n\n<p>O levantamento acrescenta que \u201ctodas as faixas et\u00e1rias tiveram redu\u00e7\u00e3o no n\u00famero de exames\u201d. \u201cEntre o p\u00fablico com mais de 60 anos, a queda foi de 700 mil exames. Na faixa que vai entre 20 e 59 anos, a redu\u00e7\u00e3o foi de 551,5 mil exames em 2020. Entre crian\u00e7as e adolescentes, o impacto foi de 168,7 mil procedimentos. Entre os pacientes do sexo feminino, a redu\u00e7\u00e3o foi de 29% nos exames preventivos, enquanto no sexo masculino a queda foi de 25%\u201d, detalha o CBO.<\/p>\n\n\n\n<p>Edi\u00e7\u00e3o: Gra\u00e7a Adjuto<\/p>\n","protected":false},"excerpt":{"rendered":"<p>Queda \u00e9 de 30% no n\u00famero de exames, diz conselho Por Pedro Peduzzi &#8211; Rep\u00f3rter<\/p>\n","protected":false},"author":2,"featured_media":14723,"comment_status":"open","ping_status":"open","sticky":false,"template":"","format":"standard","meta":{"footnotes":""},"categories":[17],"tags":[],"class_list":["post-14722","post","type-post","status-publish","format-standard","has-post-thumbnail","hentry","category-outras-noticias"],"_links":{"self":[{"href":"https:\/\/tvc16.com\/portal\/wp-json\/wp\/v2\/posts\/14722","targetHints":{"allow":["GET"]}}],"collection":[{"href":"https:\/\/tvc16.com\/portal\/wp-json\/wp\/v2\/posts"}],"about":[{"href":"https:\/\/tvc16.com\/portal\/wp-json\/wp\/v2\/types\/post"}],"author":[{"embeddable":true,"href":"https:\/\/tvc16.com\/portal\/wp-json\/wp\/v2\/users\/2"}],"replies":[{"embeddable":true,"href":"https:\/\/tvc16.com\/portal\/wp-json\/wp\/v2\/comments?post=14722"}],"version-history":[{"count":1,"href":"https:\/\/tvc16.com\/portal\/wp-json\/wp\/v2\/posts\/14722\/revisions"}],"predecessor-version":[{"id":14724,"href":"https:\/\/tvc16.com\/portal\/wp-json\/wp\/v2\/posts\/14722\/revisions\/14724"}],"wp:featuredmedia":[{"embeddable":true,"href":"https:\/\/tvc16.com\/portal\/wp-json\/wp\/v2\/media\/14723"}],"wp:attachment":[{"href":"https:\/\/tvc16.com\/portal\/wp-json\/wp\/v2\/media?parent=14722"}],"wp:term":[{"taxonomy":"category","embeddable":true,"href":"https:\/\/tvc16.com\/portal\/wp-json\/wp\/v2\/categories?post=14722"},{"taxonomy":"post_tag","embeddable":true,"href":"https:\/\/tvc16.com\/portal\/wp-json\/wp\/v2\/tags?post=14722"}],"curies":[{"name":"wp","href":"https:\/\/api.w.org\/{rel}","templated":true}]}}