{"id":14731,"date":"2021-05-20T11:37:41","date_gmt":"2021-05-20T14:37:41","guid":{"rendered":"https:\/\/tvc16.com\/portal\/?p=14731"},"modified":"2021-05-20T11:37:44","modified_gmt":"2021-05-20T14:37:44","slug":"conare-capacita-migrantes-e-refugiados-em-educacao-financeira","status":"publish","type":"post","link":"https:\/\/tvc16.com\/portal\/2021\/05\/20\/conare-capacita-migrantes-e-refugiados-em-educacao-financeira\/","title":{"rendered":"Conare capacita migrantes e refugiados em educa\u00e7\u00e3o financeira"},"content":{"rendered":"\n<h3 class=\"wp-block-heading\">Curso tem conceitos b\u00e1sicos de juros, poupan\u00e7a e investimento<\/h3>\n\n\n\n<h4 class=\"wp-block-heading\">Por Ag\u00eancia Brasil* &#8211; Bras\u00edlia<\/h4>\n\n\n\n<p>A 3\u00aa edi\u00e7\u00e3o do curso de educa\u00e7\u00e3o financeira, ministrado pela Coordena\u00e7\u00e3o-Geral do Comit\u00ea Nacional para os Refugiados (Conare) do Minist\u00e9rio da Justi\u00e7a e Seguran\u00e7a P\u00fablica registrou cerca de 200 migrantes e refugiados em todo o pa\u00eds inscritos no curso de educa\u00e7\u00e3o financeira.<img decoding=\"async\" src=\"https:\/\/agenciabrasil.ebc.com.br\/ebc.png?id=1410227&amp;o=node\"><img decoding=\"async\" src=\"https:\/\/agenciabrasil.ebc.com.br\/ebc.gif?id=1410227&amp;o=node\"><\/p>\n\n\n\n<p>Nesta edi\u00e7\u00e3o, a novidade &nbsp;\u00e9 a disciplina de empreendedorismo. De acordo com o Conare, a forma\u00e7\u00e3o em gest\u00e3o de finan\u00e7as pessoais traz conceitos b\u00e1sicos de juros, poupan\u00e7a, investimento, estrat\u00e9gias para sair do endividamento, organiza\u00e7\u00e3o or\u00e7ament\u00e1ria e planejamento. A primeira aula ocorreu na \u00faltima ter\u00e7a-feira (19) e as demais, de hoje (20) at\u00e9 segunda-feira (24).<\/p>\n\n\n\n<p>O minist\u00e9rio j\u00e1 capacitou 47 migrantes e refugiados desde mar\u00e7o deste ano. Segundo o coordenador-geral do Conare, Bernardo Lafert\u00e9, o curso tem origem no Programa de Educa\u00e7\u00e3o Financeira do Banco Central do Brasil.<\/p>\n\n\n\n<p>\u201cO Minist\u00e9rio \u00e9 um executor da pol\u00edtica do Banco Central para o p\u00fablico espec\u00edfico de migrantes e refugiados. O curso busca dar conhecimento para que esse p\u00fablico tenha condi\u00e7\u00e3o de se auto-organizar financeiramente e se reabilitar utilizando o conhecimento adquirido em sua gest\u00e3o pessoal e profissional. \u00c9 a materializa\u00e7\u00e3o da pol\u00edtica de forma transversal, criada pelo Banco Central e executada pelo Minist\u00e9rio da Justi\u00e7a\u201d, disse.<\/p>\n\n\n\n<h2 class=\"wp-block-heading\">Servi\u00e7o<\/h2>\n\n\n\n<p>Qualquer institui\u00e7\u00e3o ou organiza\u00e7\u00e3o da sociedade civil que queira solicitar o curso para este p\u00fablico pode entrar em contato com a Coordena\u00e7\u00e3o-Geral do Conare, nos e-mails: conare@mj.gov.br com c\u00f3pia para clarissa.carmo@mj.gov.br e&nbsp;<a href=\"mailto:micheline.luz@mj.gov.br\">micheline.luz@mj.gov.br<\/a><\/p>\n\n\n\n<p><em>*Com informa\u00e7\u00f5es do MJSP.<\/em><\/p>\n\n\n\n<p>Edi\u00e7\u00e3o: A\u00e9cio Amado<\/p>\n","protected":false},"excerpt":{"rendered":"<p>Curso tem conceitos b\u00e1sicos de juros, poupan\u00e7a e investimento Por Ag\u00eancia Brasil* &#8211; Bras\u00edlia A<\/p>\n","protected":false},"author":2,"featured_media":14732,"comment_status":"open","ping_status":"open","sticky":false,"template":"","format":"standard","meta":{"footnotes":""},"categories":[17],"tags":[],"class_list":["post-14731","post","type-post","status-publish","format-standard","has-post-thumbnail","hentry","category-outras-noticias"],"_links":{"self":[{"href":"https:\/\/tvc16.com\/portal\/wp-json\/wp\/v2\/posts\/14731","targetHints":{"allow":["GET"]}}],"collection":[{"href":"https:\/\/tvc16.com\/portal\/wp-json\/wp\/v2\/posts"}],"about":[{"href":"https:\/\/tvc16.com\/portal\/wp-json\/wp\/v2\/types\/post"}],"author":[{"embeddable":true,"href":"https:\/\/tvc16.com\/portal\/wp-json\/wp\/v2\/users\/2"}],"replies":[{"embeddable":true,"href":"https:\/\/tvc16.com\/portal\/wp-json\/wp\/v2\/comments?post=14731"}],"version-history":[{"count":1,"href":"https:\/\/tvc16.com\/portal\/wp-json\/wp\/v2\/posts\/14731\/revisions"}],"predecessor-version":[{"id":14733,"href":"https:\/\/tvc16.com\/portal\/wp-json\/wp\/v2\/posts\/14731\/revisions\/14733"}],"wp:featuredmedia":[{"embeddable":true,"href":"https:\/\/tvc16.com\/portal\/wp-json\/wp\/v2\/media\/14732"}],"wp:attachment":[{"href":"https:\/\/tvc16.com\/portal\/wp-json\/wp\/v2\/media?parent=14731"}],"wp:term":[{"taxonomy":"category","embeddable":true,"href":"https:\/\/tvc16.com\/portal\/wp-json\/wp\/v2\/categories?post=14731"},{"taxonomy":"post_tag","embeddable":true,"href":"https:\/\/tvc16.com\/portal\/wp-json\/wp\/v2\/tags?post=14731"}],"curies":[{"name":"wp","href":"https:\/\/api.w.org\/{rel}","templated":true}]}}