{"id":14737,"date":"2021-05-20T11:39:29","date_gmt":"2021-05-20T14:39:29","guid":{"rendered":"https:\/\/tvc16.com\/portal\/?p=14737"},"modified":"2021-05-20T11:39:31","modified_gmt":"2021-05-20T14:39:31","slug":"sao-paulo-antecipa-vacinacao-de-pessoas-com-comorbidades-e-deficientes","status":"publish","type":"post","link":"https:\/\/tvc16.com\/portal\/2021\/05\/20\/sao-paulo-antecipa-vacinacao-de-pessoas-com-comorbidades-e-deficientes\/","title":{"rendered":"S\u00e3o Paulo antecipa vacina\u00e7\u00e3o de pessoas com comorbidades e deficientes"},"content":{"rendered":"\n<h3 class=\"wp-block-heading\">Est\u00e3o dispon\u00edveis vacinas da Pfizer, Oxford AstraZeneca e CoronaVac<\/h3>\n\n\n\n<h4 class=\"wp-block-heading\">Por Flavia Albuquerque &#8211; Rep\u00f3rter da Ag\u00eancia Brasil &#8211; S\u00e3o Paulo<\/h4>\n\n\n\n<p>A vacina\u00e7\u00e3o contra a covid-19 de pessoas com comorbidades e defici\u00eancia permanente, dentro do Benef\u00edcio de Presta\u00e7\u00e3o Continuada da Assist\u00eancia Social (BPC) acima de 45 anos, foi antecipada para hoje (20) na cidade de S\u00e3o Paulo. Segundo a prefeitura, a estimativa \u00e9&nbsp; que sejam imunizadas 186.047 pessoas desse grupo, sendo 180.819 com comorbidades e 5.228 com defici\u00eancia permanente benefici\u00e1rias do BPC.&nbsp;&nbsp;<img decoding=\"async\" src=\"https:\/\/agenciabrasil.ebc.com.br\/ebc.png?id=1410234&amp;o=node\"><img decoding=\"async\" src=\"https:\/\/agenciabrasil.ebc.com.br\/ebc.gif?id=1410234&amp;o=node\"><\/p>\n\n\n\n<p>A vacina\u00e7\u00e3o est\u00e1 sendo feita nos 25 postos de sistema&nbsp;<em>drive-thru<\/em>&nbsp;e em oito mega postos da cidade, que estar\u00e3o aplicando a primeira dose da vacina at\u00e9 as 17h, al\u00e9m das 468 Unidades B\u00e1sicas de Sa\u00fade (UBSs) e unidades de Assist\u00eancia M\u00e9dica Ambulatorial integradas com as UBSs, com a primeira e a segunda dose.&nbsp;<\/p>\n\n\n\n<h2 class=\"wp-block-heading\">Exig\u00eancias<\/h2>\n\n\n\n<p>\u00c9 necess\u00e1rio apresentar documento de identifica\u00e7\u00e3o (preferencialmente CPF &#8211; Cadastro de Pessoa F\u00edsica) e comprovante de condi\u00e7\u00e3o de risco (exames, receitas, relat\u00f3rio ou prescri\u00e7\u00e3o m\u00e9dica), contendo a inscri\u00e7\u00e3o do m\u00e9dico no Conselho Regional de Medicina.&nbsp;<\/p>\n\n\n\n<p>J\u00e1 os benefici\u00e1rios do BPC precisam apresentar o comprovante do recebimento do benef\u00edcio,&nbsp; documento de identifica\u00e7\u00e3o (preferencialmente CPF), comprovante da defici\u00eancia (laudo m\u00e9dico que indique a defici\u00eancia; cart\u00e3o de gratuidade no transporte p\u00fablico indicando a defici\u00eancia; documentos comprobat\u00f3rios de atendimento em centros de reabilita\u00e7\u00e3o ou unidades especializadas no atendimento de pessoas com defici\u00eancia e documento oficial de identidade com a indica\u00e7\u00e3o da defici\u00eancia).&nbsp;<\/p>\n\n\n\n<p>Est\u00e3o dispon\u00edveis na capital as vacinas da Pfizer e da Oxford AstraZeneca para primeira dose e a CoronaVac exclusivamente para segunda dose.<\/p>\n\n\n\n<p>Edi\u00e7\u00e3o: Kleber Sampaio<\/p>\n","protected":false},"excerpt":{"rendered":"<p>Est\u00e3o dispon\u00edveis vacinas da Pfizer, Oxford AstraZeneca e CoronaVac Por Flavia Albuquerque &#8211; Rep\u00f3rter da<\/p>\n","protected":false},"author":2,"featured_media":14738,"comment_status":"open","ping_status":"open","sticky":false,"template":"","format":"standard","meta":{"footnotes":""},"categories":[17],"tags":[],"class_list":["post-14737","post","type-post","status-publish","format-standard","has-post-thumbnail","hentry","category-outras-noticias"],"_links":{"self":[{"href":"https:\/\/tvc16.com\/portal\/wp-json\/wp\/v2\/posts\/14737","targetHints":{"allow":["GET"]}}],"collection":[{"href":"https:\/\/tvc16.com\/portal\/wp-json\/wp\/v2\/posts"}],"about":[{"href":"https:\/\/tvc16.com\/portal\/wp-json\/wp\/v2\/types\/post"}],"author":[{"embeddable":true,"href":"https:\/\/tvc16.com\/portal\/wp-json\/wp\/v2\/users\/2"}],"replies":[{"embeddable":true,"href":"https:\/\/tvc16.com\/portal\/wp-json\/wp\/v2\/comments?post=14737"}],"version-history":[{"count":1,"href":"https:\/\/tvc16.com\/portal\/wp-json\/wp\/v2\/posts\/14737\/revisions"}],"predecessor-version":[{"id":14739,"href":"https:\/\/tvc16.com\/portal\/wp-json\/wp\/v2\/posts\/14737\/revisions\/14739"}],"wp:featuredmedia":[{"embeddable":true,"href":"https:\/\/tvc16.com\/portal\/wp-json\/wp\/v2\/media\/14738"}],"wp:attachment":[{"href":"https:\/\/tvc16.com\/portal\/wp-json\/wp\/v2\/media?parent=14737"}],"wp:term":[{"taxonomy":"category","embeddable":true,"href":"https:\/\/tvc16.com\/portal\/wp-json\/wp\/v2\/categories?post=14737"},{"taxonomy":"post_tag","embeddable":true,"href":"https:\/\/tvc16.com\/portal\/wp-json\/wp\/v2\/tags?post=14737"}],"curies":[{"name":"wp","href":"https:\/\/api.w.org\/{rel}","templated":true}]}}