{"id":1474,"date":"2020-09-28T15:20:56","date_gmt":"2020-09-28T15:20:56","guid":{"rendered":"https:\/\/tvc16.com\/portal\/?p=1474"},"modified":"2020-09-28T15:20:56","modified_gmt":"2020-09-28T15:20:56","slug":"mprj-instaura-inquerito-para-apurar-sobrepreco-e-superfaturamento-em-compra-de-mascaras-de-protecao-e-materiais-medicos-para-uso-de-pacientes-de-covid-19-pelo-municipio-do-rj","status":"publish","type":"post","link":"https:\/\/tvc16.com\/portal\/2020\/09\/28\/mprj-instaura-inquerito-para-apurar-sobrepreco-e-superfaturamento-em-compra-de-mascaras-de-protecao-e-materiais-medicos-para-uso-de-pacientes-de-covid-19-pelo-municipio-do-rj\/","title":{"rendered":"MPRJ instaura inqu\u00e9rito para apurar sobrepre\u00e7o e superfaturamento em compra de m\u00e1scaras de prote\u00e7\u00e3o e materiais m\u00e9dicos para uso de pacientes de COVID-19 pelo Munic\u00edpio do RJ"},"content":{"rendered":"\n<p>O Minist\u00e9rio P\u00fablico do Estado do Rio de Janeiro (MPRJ), por meio da 3\u00aa Promotoria de Justi\u00e7a de Tutela Coletiva da Cidadania, instaurou na sexta-feira (25\/09) inqu\u00e9rito civil para apurar a pr\u00e1tica de eventuais atos de improbidade administrativa envolvendo a contrata\u00e7\u00e3o emergencial, em suposto sobrepre\u00e7o e com posterior superfaturamento, das empresas RM Com\u00e9rcio, hoje RR Select farm; DBV; China Meheco; Preciosa; Balsamo; Curadh; 2RIOS\/MLB\u00b2; TERRA TRADING; INFRACON; LR LAGOS, pela Secretaria Municipal de Sa\u00fade e pela RIO SA\u00daDE para aquisi\u00e7\u00e3o de materiais m\u00e9dicos (insumos e EPIs) para uso no atendimento a pacientes com suspeita ou confirma\u00e7\u00e3o de infec\u00e7\u00e3o por COVID-19<\/p>\n\n\n\n<p>Um relat\u00f3rio preparado pelo Tribunal de Contas do Munic\u00edpio (TCM-RJ) apurou que as empresas investigadas est\u00e3o entre as que mais contrataram com o munic\u00edpio durante a pandemia de Covid-19, para o fornecimento de material hospitalar.<\/p>\n\n\n\n<p>Em um trecho da portaria de instaura\u00e7\u00e3o do inqu\u00e9rito, o MPRJ afirma que \u201cnum momento de crise pand\u00eamica, mais do que nunca, \u00e9 importante que o Munic\u00edpio consiga gerir seus gastos eficientemente, maximizando as aquisi\u00e7\u00f5es de medicamentos e de material m\u00e9dico-hospitalar, dada a necessidade urgente de se fortalecer o sistema de sa\u00fade municipal para evitar seu colapso. Isso deve ser feito, no entanto, com o cuidado que a situa\u00e7\u00e3o demanda\u201d. Ainda de acordo com o documento, \u201ca compra de m\u00e1scaras de prote\u00e7\u00e3o N95 por aparentemente quase tr\u00eas vezes o pre\u00e7o de mercado no momento da pandemia (j\u00e1 consideradas cota\u00e7\u00f5es da pr\u00f3pria SMS durante a presente crise pand\u00eamica) \u00e9 um exemplo que aponta para poss\u00edvel falta de razoabilidade e austeridade nos gastos p\u00fablicos relacionados ao gerenciamento da crise\u201d.<\/p>\n","protected":false},"excerpt":{"rendered":"<p>O Minist\u00e9rio P\u00fablico do Estado do Rio de Janeiro (MPRJ), por meio da 3\u00aa Promotoria<\/p>\n","protected":false},"author":2,"featured_media":1475,"comment_status":"open","ping_status":"open","sticky":false,"template":"","format":"standard","meta":{"footnotes":""},"categories":[17],"tags":[],"class_list":["post-1474","post","type-post","status-publish","format-standard","has-post-thumbnail","hentry","category-outras-noticias"],"_links":{"self":[{"href":"https:\/\/tvc16.com\/portal\/wp-json\/wp\/v2\/posts\/1474","targetHints":{"allow":["GET"]}}],"collection":[{"href":"https:\/\/tvc16.com\/portal\/wp-json\/wp\/v2\/posts"}],"about":[{"href":"https:\/\/tvc16.com\/portal\/wp-json\/wp\/v2\/types\/post"}],"author":[{"embeddable":true,"href":"https:\/\/tvc16.com\/portal\/wp-json\/wp\/v2\/users\/2"}],"replies":[{"embeddable":true,"href":"https:\/\/tvc16.com\/portal\/wp-json\/wp\/v2\/comments?post=1474"}],"version-history":[{"count":1,"href":"https:\/\/tvc16.com\/portal\/wp-json\/wp\/v2\/posts\/1474\/revisions"}],"predecessor-version":[{"id":1476,"href":"https:\/\/tvc16.com\/portal\/wp-json\/wp\/v2\/posts\/1474\/revisions\/1476"}],"wp:featuredmedia":[{"embeddable":true,"href":"https:\/\/tvc16.com\/portal\/wp-json\/wp\/v2\/media\/1475"}],"wp:attachment":[{"href":"https:\/\/tvc16.com\/portal\/wp-json\/wp\/v2\/media?parent=1474"}],"wp:term":[{"taxonomy":"category","embeddable":true,"href":"https:\/\/tvc16.com\/portal\/wp-json\/wp\/v2\/categories?post=1474"},{"taxonomy":"post_tag","embeddable":true,"href":"https:\/\/tvc16.com\/portal\/wp-json\/wp\/v2\/tags?post=1474"}],"curies":[{"name":"wp","href":"https:\/\/api.w.org\/{rel}","templated":true}]}}