{"id":14740,"date":"2021-05-20T11:40:43","date_gmt":"2021-05-20T14:40:43","guid":{"rendered":"https:\/\/tvc16.com\/portal\/?p=14740"},"modified":"2021-05-20T11:40:46","modified_gmt":"2021-05-20T14:40:46","slug":"estoques-da-industria-voltam-a-ficar-proximos-do-planejado","status":"publish","type":"post","link":"https:\/\/tvc16.com\/portal\/2021\/05\/20\/estoques-da-industria-voltam-a-ficar-proximos-do-planejado\/","title":{"rendered":"Estoques da ind\u00fastria voltam a ficar pr\u00f3ximos do planejado"},"content":{"rendered":"\n<h3 class=\"wp-block-heading\">Apesar de queda na produ\u00e7\u00e3o industrial, emprego n\u00e3o caiu em abril<\/h3>\n\n\n\n<h4 class=\"wp-block-heading\">Por Wellton M\u00e1ximo &#8211; Rep\u00f3rter da Ag\u00eancia Brasil &#8211; Bras\u00edlia<\/h4>\n\n\n\n<p>Depois de atingir n\u00edvel cr\u00edtico no segundo semestre do ano passado, o estoque das ind\u00fastrias recuperou-se em abril e votou a ficar pr\u00f3ximo do planejado, reduzindo a escassez de mat\u00e9ria-prima. A conclus\u00e3o consta da pesquisa Sondagem Industrial, divulgada&nbsp;hoje&nbsp;(20) pela Confedera\u00e7\u00e3o Nacional da Ind\u00fastria (CNI).<img decoding=\"async\" src=\"https:\/\/agenciabrasil.ebc.com.br\/ebc.png?id=1410229&amp;o=node\"><img decoding=\"async\" src=\"https:\/\/agenciabrasil.ebc.com.br\/ebc.gif?id=1410229&amp;o=node\"><\/p>\n\n\n\n<p>O \u00edndice de estoques encerrou abril em 49,6 pontos, pr\u00f3ximo da linha divis\u00f3ria de 50 pontos. Indicadores abaixo de 50 pontos mostram estoques abaixo do planejado. Acima desse valor, est\u00e3o acima do previsto.<\/p>\n\n\n\n<p>Desde maio, o \u00edndice de estoques estava abaixo dos 50 pontos. Os menores n\u00edveis foram atingidos em setembro e outubro, quando ficou em 43,4 pontos e 43,3 pontos, respectivamente. De l\u00e1 para c\u00e1, o indicador come\u00e7ou a recuperar-se, mas ultrapassou os 49 pontos em abril.<\/p>\n\n\n\n<p>Segundo a CNI, esse ajuste \u00e9 importante porque a redu\u00e7\u00e3o do estoque das ind\u00fastrias causou impacto no fornecimento de insumos e de mat\u00e9rias-primas ao longo dos \u00faltimos meses, elevando pre\u00e7os e prejudicando o setor.<\/p>\n\n\n\n<h2 class=\"wp-block-heading\">Produ\u00e7\u00e3o e emprego<\/h2>\n\n\n\n<p>Depois de uma leve recupera\u00e7\u00e3o em mar\u00e7o, o \u00edndice de produ\u00e7\u00e3o industrial voltou a cair em abril, fechando o m\u00eas passado em 46 pontos. Assim como nos \u00edndices anteriores, a linha divis\u00f3ria est\u00e1 em 50 pontos. Valores inferiores indicam queda; e valores superiores, alta.<\/p>\n\n\n\n<p>Apesar do recuo na produ\u00e7\u00e3o, a evolu\u00e7\u00e3o do n\u00famero de empregados ficou em 50 pontos em abril. A pesquisa indica que as ind\u00fastrias ainda n\u00e3o est\u00e3o demitindo, apesar da queda na atividade provocada pela&nbsp;segunda&nbsp;onda da pandemia de covid-19. Esse foi o d\u00e9cimo m\u00eas seguido em que o indicador se mant\u00e9m acima dos 50 pontos, apesar de desacelera\u00e7\u00f5es recentes.<\/p>\n\n\n\n<p>A utiliza\u00e7\u00e3o da capacidade instalada (UCI) ficou em 68% em abril, percentual id\u00eantico ao&nbsp;de mar\u00e7o. O percentual \u00e9 o maior para o m\u00eas desde abril de 2014, quando estava em 71%. Desde agosto de 2020, o indicador tem ficado em n\u00edveis superiores aos dos mesmos meses dos cinco anos anteriores.<\/p>\n\n\n\n<p>A pesquisa ouviu 1.783 empresas industriais entre os dias 3 e 12 deste m\u00eas. Desse total, 704 s\u00e3o ind\u00fastrias de pequeno porte, 634 de m\u00e9dio porte e 445 de grande porte.<\/p>\n\n\n\n<p>Edi\u00e7\u00e3o: Gra\u00e7a Adjuto<\/p>\n","protected":false},"excerpt":{"rendered":"<p>Apesar de queda na produ\u00e7\u00e3o industrial, emprego n\u00e3o caiu em abril Por Wellton M\u00e1ximo &#8211;<\/p>\n","protected":false},"author":2,"featured_media":14741,"comment_status":"open","ping_status":"open","sticky":false,"template":"","format":"standard","meta":{"footnotes":""},"categories":[17],"tags":[],"class_list":["post-14740","post","type-post","status-publish","format-standard","has-post-thumbnail","hentry","category-outras-noticias"],"_links":{"self":[{"href":"https:\/\/tvc16.com\/portal\/wp-json\/wp\/v2\/posts\/14740","targetHints":{"allow":["GET"]}}],"collection":[{"href":"https:\/\/tvc16.com\/portal\/wp-json\/wp\/v2\/posts"}],"about":[{"href":"https:\/\/tvc16.com\/portal\/wp-json\/wp\/v2\/types\/post"}],"author":[{"embeddable":true,"href":"https:\/\/tvc16.com\/portal\/wp-json\/wp\/v2\/users\/2"}],"replies":[{"embeddable":true,"href":"https:\/\/tvc16.com\/portal\/wp-json\/wp\/v2\/comments?post=14740"}],"version-history":[{"count":1,"href":"https:\/\/tvc16.com\/portal\/wp-json\/wp\/v2\/posts\/14740\/revisions"}],"predecessor-version":[{"id":14742,"href":"https:\/\/tvc16.com\/portal\/wp-json\/wp\/v2\/posts\/14740\/revisions\/14742"}],"wp:featuredmedia":[{"embeddable":true,"href":"https:\/\/tvc16.com\/portal\/wp-json\/wp\/v2\/media\/14741"}],"wp:attachment":[{"href":"https:\/\/tvc16.com\/portal\/wp-json\/wp\/v2\/media?parent=14740"}],"wp:term":[{"taxonomy":"category","embeddable":true,"href":"https:\/\/tvc16.com\/portal\/wp-json\/wp\/v2\/categories?post=14740"},{"taxonomy":"post_tag","embeddable":true,"href":"https:\/\/tvc16.com\/portal\/wp-json\/wp\/v2\/tags?post=14740"}],"curies":[{"name":"wp","href":"https:\/\/api.w.org\/{rel}","templated":true}]}}