{"id":14746,"date":"2021-05-20T11:42:22","date_gmt":"2021-05-20T14:42:22","guid":{"rendered":"https:\/\/tvc16.com\/portal\/?p=14746"},"modified":"2021-05-20T11:42:24","modified_gmt":"2021-05-20T14:42:24","slug":"onu-conselho-de-direitos-humanos-faz-reuniao-extraordinaria-no-dia-27","status":"publish","type":"post","link":"https:\/\/tvc16.com\/portal\/2021\/05\/20\/onu-conselho-de-direitos-humanos-faz-reuniao-extraordinaria-no-dia-27\/","title":{"rendered":"ONU: Conselho de Direitos Humanos faz reuni\u00e3o extraordin\u00e1ria no dia 27"},"content":{"rendered":"\n<h3 class=\"wp-block-heading\">Objetivo \u00e9 discutir o conflito entre Israel e o Hamas<\/h3>\n\n\n\n<h4 class=\"wp-block-heading\">Por RTP &#8211; JERUSAL\u00c9M<\/h4>\n\n\n\n<p>O Conselho de Direitos Humanos da Organiza\u00e7\u00e3o das&nbsp;Na\u00e7\u00f5es Unidas (ONU) vai se reunir no pr\u00f3ximo dia&nbsp;27, em&nbsp;sess\u00e3o extraordin\u00e1ria, para discutir o conflito entre Israel e a Palestina, anunciou hoje (20)&nbsp;a ONU.<img decoding=\"async\" src=\"https:\/\/agenciabrasil.ebc.com.br\/ebc.png?id=1410236&amp;o=node\"><img decoding=\"async\" src=\"https:\/\/agenciabrasil.ebc.com.br\/ebc.gif?id=1410236&amp;o=node\"><\/p>\n\n\n\n<p>O encontro ser\u00e1 realizado&nbsp;a pedido do Paquist\u00e3o, como coordenador da Organiza\u00e7\u00e3o de Coopera\u00e7\u00e3o Isl\u00e2mica, e das autoridades palestinas, que reuniram assinaturas suficientes dos 47 pa\u00edses-membros do conselho, acrescentou a ONU em comunicado.<\/p>\n\n\n\n<p>Na reuni\u00e3o, os pa\u00edses examinar\u00e3o a &#8220;grave situa\u00e7\u00e3o dos direitos humanos&#8221; nos territ\u00f3rios palestinos ocupados, incluindo Jerusal\u00e9m Oriental.&nbsp;<\/p>\n\n\n\n<p>O an\u00fancio ocorre quando a diplomacia internacional atua&nbsp;na regi\u00e3o&nbsp;e nos bastidores para tentar encerrar a escalada da viol\u00eancia entre Israel e o Hamas, no poder na Faixa de Gaza.<\/p>\n\n\n\n<p>O Conselho de Direitos Humanos promove pelo menos tr\u00eas sess\u00f5es ordin\u00e1rias por ano, mas se um ter\u00e7o dos Estados-membros solicitar, pode decidir a qualquer momento a realiza\u00e7\u00e3o de&nbsp;uma sess\u00e3o extraordin\u00e1ria.<\/p>\n\n\n\n<p>Desde a sua cria\u00e7\u00e3o em junho de 2006, o conselho j\u00e1 realizou 29 sess\u00f5es especiais, destinadas a responder a situa\u00e7\u00f5es de emerg\u00eancia. V\u00e1rias delas&nbsp;condenaram Israel, particularmente sobre a situa\u00e7\u00e3o em Gaza.<\/p>\n\n\n\n<p>A reuni\u00e3o especial anterior sobre a deteriora\u00e7\u00e3o da &#8220;situa\u00e7\u00e3o dos direitos humanos no territ\u00f3rio palestino ocupado, incluindo Jerusal\u00e9m Oriental&#8221;, foi em&nbsp;maio de 2018.<\/p>\n\n\n\n<p>A primeira sess\u00e3o especial do conselho, em 5 de julho de 2006, tamb\u00e9m tamb\u00e9m tratou &#8220;da situa\u00e7\u00e3o dos direitos humanos nos territ\u00f3rios palestinos ocupados&#8221;.<\/p>\n\n\n\n<p>A atual escalada de viol\u00eancia na regi\u00e3o&nbsp;provocou a morte de&nbsp;227 palestinos em Gaza, entre eles&nbsp;64 menores, e 1.620 feridos.<\/p>\n\n\n\n<p>Em Israel morreram 12 pessoas, sendo dois menores, e foram registrados&nbsp;340 feridos.<\/p>\n\n\n\n<p>Os combates come\u00e7aram em 10 de maio, ap\u00f3s semanas de tens\u00e3o entre israelenses&nbsp;e palestinos em Jerusal\u00e9m Oriental, que culminaram com confrontos na Esplanada das Mesquitas, o terceiro lugar sagrado do Isl\u00e3 e&nbsp;junto ao local mais sagrado do juda\u00edsmo.<\/p>\n\n\n\n<p>O lan\u00e7amento de foguetes&nbsp;por grupos armados em Gaza, em dire\u00e7\u00e3o a Israel, \u00e9 respondido com&nbsp;bombardeio&nbsp;sistem\u00e1tico pelas&nbsp;for\u00e7as israelenses&nbsp;contra a Faixa de Gaza.<\/p>\n\n\n\n<p>O conflito ocorre desde&nbsp;a&nbsp;funda\u00e7\u00e3o do Estado de Israel, cuja independ\u00eancia foi proclamada em 14 de maio de 1948.<\/p>\n","protected":false},"excerpt":{"rendered":"<p>Objetivo \u00e9 discutir o conflito entre Israel e o Hamas Por RTP &#8211; JERUSAL\u00c9M O<\/p>\n","protected":false},"author":2,"featured_media":14747,"comment_status":"open","ping_status":"open","sticky":false,"template":"","format":"standard","meta":{"footnotes":""},"categories":[17],"tags":[],"class_list":["post-14746","post","type-post","status-publish","format-standard","has-post-thumbnail","hentry","category-outras-noticias"],"_links":{"self":[{"href":"https:\/\/tvc16.com\/portal\/wp-json\/wp\/v2\/posts\/14746","targetHints":{"allow":["GET"]}}],"collection":[{"href":"https:\/\/tvc16.com\/portal\/wp-json\/wp\/v2\/posts"}],"about":[{"href":"https:\/\/tvc16.com\/portal\/wp-json\/wp\/v2\/types\/post"}],"author":[{"embeddable":true,"href":"https:\/\/tvc16.com\/portal\/wp-json\/wp\/v2\/users\/2"}],"replies":[{"embeddable":true,"href":"https:\/\/tvc16.com\/portal\/wp-json\/wp\/v2\/comments?post=14746"}],"version-history":[{"count":1,"href":"https:\/\/tvc16.com\/portal\/wp-json\/wp\/v2\/posts\/14746\/revisions"}],"predecessor-version":[{"id":14748,"href":"https:\/\/tvc16.com\/portal\/wp-json\/wp\/v2\/posts\/14746\/revisions\/14748"}],"wp:featuredmedia":[{"embeddable":true,"href":"https:\/\/tvc16.com\/portal\/wp-json\/wp\/v2\/media\/14747"}],"wp:attachment":[{"href":"https:\/\/tvc16.com\/portal\/wp-json\/wp\/v2\/media?parent=14746"}],"wp:term":[{"taxonomy":"category","embeddable":true,"href":"https:\/\/tvc16.com\/portal\/wp-json\/wp\/v2\/categories?post=14746"},{"taxonomy":"post_tag","embeddable":true,"href":"https:\/\/tvc16.com\/portal\/wp-json\/wp\/v2\/tags?post=14746"}],"curies":[{"name":"wp","href":"https:\/\/api.w.org\/{rel}","templated":true}]}}