{"id":14752,"date":"2021-05-20T11:44:20","date_gmt":"2021-05-20T14:44:20","guid":{"rendered":"https:\/\/tvc16.com\/portal\/?p=14752"},"modified":"2021-05-20T12:22:54","modified_gmt":"2021-05-20T15:22:54","slug":"menina-convida-pm-para-celebracao-de-aniversario","status":"publish","type":"post","link":"https:\/\/tvc16.com\/portal\/2021\/05\/20\/menina-convida-pm-para-celebracao-de-aniversario\/","title":{"rendered":"Menina convida PM para celebra\u00e7\u00e3o de anivers\u00e1rio"},"content":{"rendered":"\n<p>O 26\u00ba Batalh\u00e3o de Pol\u00edcia Militar fez um registro mais do que especial hoje (20) nas redes sociais. Os agentes foram convidados para a festa de anivers\u00e1rio da pequena Julia, de 8 anos. A menina fez o convite aos Policiais Militares, pois \u00e9 uma grande admiradora do trabalho exercido por eles.<\/p>\n\n\n\n<p>O batalh\u00e3o, claro, agradeceu o carinho. \u201cQuanto amor e admira\u00e7\u00e3o por nossa profiss\u00e3o. O @26bpm_pmerj te deseja muitas felicidades e que Deus te aben\u00e7oe e ilumine sua vida. Jamais esqueceremos este dia t\u00e3o especial. A Pol\u00edcia Militar fica honrada com o convite. \u00c9 gratificante sermos os her\u00f3is destes pequenos. Estaremos sempre presente e junto com a sociedade\u201d, disse.<\/p>\n\n\n\n<p>Foto: 26\u00baBMP<\/p>\n","protected":false},"excerpt":{"rendered":"<p>O 26\u00ba Batalh\u00e3o de Pol\u00edcia Militar fez um registro mais do que especial hoje (20)<\/p>\n","protected":false},"author":2,"featured_media":14754,"comment_status":"open","ping_status":"open","sticky":false,"template":"","format":"standard","meta":{"footnotes":""},"categories":[12],"tags":[],"class_list":["post-14752","post","type-post","status-publish","format-standard","has-post-thumbnail","hentry","category-cidade"],"_links":{"self":[{"href":"https:\/\/tvc16.com\/portal\/wp-json\/wp\/v2\/posts\/14752","targetHints":{"allow":["GET"]}}],"collection":[{"href":"https:\/\/tvc16.com\/portal\/wp-json\/wp\/v2\/posts"}],"about":[{"href":"https:\/\/tvc16.com\/portal\/wp-json\/wp\/v2\/types\/post"}],"author":[{"embeddable":true,"href":"https:\/\/tvc16.com\/portal\/wp-json\/wp\/v2\/users\/2"}],"replies":[{"embeddable":true,"href":"https:\/\/tvc16.com\/portal\/wp-json\/wp\/v2\/comments?post=14752"}],"version-history":[{"count":2,"href":"https:\/\/tvc16.com\/portal\/wp-json\/wp\/v2\/posts\/14752\/revisions"}],"predecessor-version":[{"id":14755,"href":"https:\/\/tvc16.com\/portal\/wp-json\/wp\/v2\/posts\/14752\/revisions\/14755"}],"wp:featuredmedia":[{"embeddable":true,"href":"https:\/\/tvc16.com\/portal\/wp-json\/wp\/v2\/media\/14754"}],"wp:attachment":[{"href":"https:\/\/tvc16.com\/portal\/wp-json\/wp\/v2\/media?parent=14752"}],"wp:term":[{"taxonomy":"category","embeddable":true,"href":"https:\/\/tvc16.com\/portal\/wp-json\/wp\/v2\/categories?post=14752"},{"taxonomy":"post_tag","embeddable":true,"href":"https:\/\/tvc16.com\/portal\/wp-json\/wp\/v2\/tags?post=14752"}],"curies":[{"name":"wp","href":"https:\/\/api.w.org\/{rel}","templated":true}]}}