{"id":14759,"date":"2021-05-21T10:41:09","date_gmt":"2021-05-21T13:41:09","guid":{"rendered":"https:\/\/tvc16.com\/portal\/?p=14759"},"modified":"2021-05-21T10:41:11","modified_gmt":"2021-05-21T13:41:11","slug":"mais-17-mortes-por-covid-19-sao-confirmadas-em-petropolis","status":"publish","type":"post","link":"https:\/\/tvc16.com\/portal\/2021\/05\/21\/mais-17-mortes-por-covid-19-sao-confirmadas-em-petropolis\/","title":{"rendered":"Mais 17 mortes por covid-19 s\u00e3o confirmadas em Petr\u00f3polis"},"content":{"rendered":"\n<p>O boletim epidemiol\u00f3gico desta quinta-feira (20\/05) mostrou que Petr\u00f3polis fez, at\u00e9 agora, 158.103 testes para Covid-19, com 36.099 resultados positivos e 117.611 negativos (levando em considera\u00e7\u00e3o testes r\u00e1pidos e Swab). Mais 17 \u00f3bitos foram confirmados e inseridos na base de dados do munic\u00edpio nesta quinta-feira.<\/p>\n\n\n\n<p>Neste momento, 157 pessoas est\u00e3o internadas em UTIs privadas e pelo SUS. Outras 121 est\u00e3o em leitos cl\u00ednicos, considerando leitos privados e SUS, totalizando assim, 278 interna\u00e7\u00f5es em toda a rede da cidade. A ocupa\u00e7\u00e3o de leitos cl\u00ednicos pelo SUS \u00e9 de 37,01% e 78,63% em UTI.<\/p>\n\n\n\n<p>A Secretaria de Sa\u00fade esclarece que o n\u00famero de \u00f3bitos, hoje em 1.112 \u00e9 atualizado nos boletins apenas ap\u00f3s o registro do atestado de \u00f3bito e do resultado do exame do paciente no sistema da Vigil\u00e2ncia Epidemiol\u00f3gica, o que \u00e9 feito por equipe administrativa. Trata-se de medida de seguran\u00e7a para evitar erro na informa\u00e7\u00e3o divulgada pela Secretaria de Sa\u00fade.<\/p>\n\n\n\n<p>A Secretaria acrescenta, ainda, que trabalha na atualiza\u00e7\u00e3o de dados de notifica\u00e7\u00f5es e casos em an\u00e1lise no sistema, inserindo ainda dados pendentes de meses anteriores. \u00c9 poss\u00edvel acompanhar a evolu\u00e7\u00e3o dos casos no portal da transpar\u00eancia do coronav\u00edrus, no site da Prefeitura (www.petropolis.rj.gov.br).<\/p>\n\n\n\n<p>\u00d3bitos registrados:<\/p>\n\n\n\n<ol class=\"wp-block-list\"><li>Homem, 65 anos, morador no Bingen. Internado em 13.04.2021 na UPA Cascatinha e transferido para o HNSA. \u00d3bito registrado em 21.04.2021 no HNSA. Paciente com artrite reumatoide.<\/li><li>Mulher, 64 anos, moradora no Independ\u00eancia. Internada em 17.04.2021 UPA Cascatinha e transferido para o HNSA. \u00d3bito registrado em 23.04.2021 no HNSA. Paciente com hipertens\u00e3o arterial e obesidade.<\/li><li>Mulher, 74 anos, moradora na Capela. Internada em 31.03.2021 no Hospital Unimed. \u00d3bito registrado em 03.05.2021 no Hospital Unimed. Paciente com diabetes e trombose venosa profunda.<\/li><li>Mulher, 59 anos, moradora no Cascatinha. Internada em 25.04.2021 na UPA Cascatinha e transferida para o HNSA. \u00d3bito registrado em 04.05.2021 no HNSA. Paciente com hipertens\u00e3o arterial, obesidade e diabetes.<\/li><li>Homem, 69 anos, morador no Loteamento Samambaia. Internado em 19.04.2021 no HMNSE e transferido para o HCC. \u00d3bito registrado em 04.05.2021 no HCC. Paciente com tumor de pr\u00f3stata e hipertens\u00e3o arterial.<\/li><li>Mulher, 73 anos, morador no Centro. Internado em 25.04.2021 UPA Cascatinha e transferida para o HCC. \u00d3bito registrado em 06.05.2021 no HCC. Paciente com hipertens\u00e3o arterial.<\/li><li>Homem, 30 anos, morador no Meio da Serra. Internado em 01.05.2021 no HMNSE e transferido para o HNSA. \u00d3bito registrado em 09.05.2021 no HNSA. Paciente sem comorbidades.<\/li><li>Mulher, 57 anos, moradora no Retiro. Internada em 06.05.2021 na UPA Cascatinha e transferido para o HNSA. \u00d3bito registrado em 09.05.2021 no HNSA. Paciente ex-tabagista e com hipertens\u00e3o arterial.<\/li><li>Homem, 56 anos, morador no Itamarati. Internado em 07.05.2021 na UPA Cascatinha e transferido para o HCC. \u00d3bito registrado em 10.05.2021 no HCC. Paciente com diabetes e hipertens\u00e3o arterial.<\/li><li>Homem, 63 anos, morador na Coronel Veiga. Internado em 01.05.2021 na UPA Cascatinha e transferido para o HNSA. \u00d3bito registrado em 11.05.2021 no HNSA. Paciente com fibrila\u00e7\u00e3o arterial e doen\u00e7a cardiovascular cr\u00f4nica.<\/li><li>Homem, 52 anos, moradora Quitandinha. Internado em 03.05.2021 UPA Cascatinha e transferido para o HNSA. \u00d3bito registrado em 13.05.2021 no HNSA. Paciente sem comorbidade.<\/li><li>Mulher, 62 anos, moradora no Roseiral. Internada em 05.05.2021 na UPA Cascatinha e transferido para o HNSA. \u00d3bito registrado em 13.05.2021 no HNSA. Paciente com diabetes.<\/li><li>Homem, 58 anos, morador no S\u00e3o Sebasti\u00e3o. Internada em 24.02.2021 na UPA Cascatinha e transferido para o SMH. \u00d3bito registrado em 15.05.2021 no SMH. Paciente com hipertens\u00e3o arterial.<\/li><li>Homem, 55 anos, morador em Corr\u00eaas. Internada em 12.05.2021 na UPA Cascatinha e transferido para o HNSA. \u00d3bito registrado em 16.05.2021 no HNSA. Paciente com diabetes.<\/li><li>Homem, 67 anos, morador em Secret\u00e1rio. Internado em 09.05.2021 UPA Cascatinha e transferido para o HNSA. \u00d3bito registrado em 17.05.2021 no HNSA. Paciente com hipertens\u00e3o arterial e obesidade.<\/li><li>Homem, 59 anos, morador no Alto da Serra. Internado em 09.05.2021 na UPA Cascatinha e transferido para o HNSA. \u00d3bito registrado em 17.05.2021 no HNSA. Paciente com diabetes e hipertens\u00e3o arterial.<\/li><li>Mulher, 68 anos, moradora no Independ\u00eancia. Internada em 11.05.2021 no HST. \u00d3bito registrado em 17.05.2021 no HST. Paciente com L\u00fapos eritematoso sist\u00eamico.<\/li><\/ol>\n","protected":false},"excerpt":{"rendered":"<p>O boletim epidemiol\u00f3gico desta quinta-feira (20\/05) mostrou que Petr\u00f3polis fez, at\u00e9 agora, 158.103 testes para<\/p>\n","protected":false},"author":2,"featured_media":14760,"comment_status":"open","ping_status":"open","sticky":false,"template":"","format":"standard","meta":{"footnotes":""},"categories":[12],"tags":[],"class_list":["post-14759","post","type-post","status-publish","format-standard","has-post-thumbnail","hentry","category-cidade"],"_links":{"self":[{"href":"https:\/\/tvc16.com\/portal\/wp-json\/wp\/v2\/posts\/14759","targetHints":{"allow":["GET"]}}],"collection":[{"href":"https:\/\/tvc16.com\/portal\/wp-json\/wp\/v2\/posts"}],"about":[{"href":"https:\/\/tvc16.com\/portal\/wp-json\/wp\/v2\/types\/post"}],"author":[{"embeddable":true,"href":"https:\/\/tvc16.com\/portal\/wp-json\/wp\/v2\/users\/2"}],"replies":[{"embeddable":true,"href":"https:\/\/tvc16.com\/portal\/wp-json\/wp\/v2\/comments?post=14759"}],"version-history":[{"count":1,"href":"https:\/\/tvc16.com\/portal\/wp-json\/wp\/v2\/posts\/14759\/revisions"}],"predecessor-version":[{"id":14761,"href":"https:\/\/tvc16.com\/portal\/wp-json\/wp\/v2\/posts\/14759\/revisions\/14761"}],"wp:featuredmedia":[{"embeddable":true,"href":"https:\/\/tvc16.com\/portal\/wp-json\/wp\/v2\/media\/14760"}],"wp:attachment":[{"href":"https:\/\/tvc16.com\/portal\/wp-json\/wp\/v2\/media?parent=14759"}],"wp:term":[{"taxonomy":"category","embeddable":true,"href":"https:\/\/tvc16.com\/portal\/wp-json\/wp\/v2\/categories?post=14759"},{"taxonomy":"post_tag","embeddable":true,"href":"https:\/\/tvc16.com\/portal\/wp-json\/wp\/v2\/tags?post=14759"}],"curies":[{"name":"wp","href":"https:\/\/api.w.org\/{rel}","templated":true}]}}