{"id":14762,"date":"2021-05-21T10:46:18","date_gmt":"2021-05-21T13:46:18","guid":{"rendered":"https:\/\/tvc16.com\/portal\/?p=14762"},"modified":"2021-05-21T10:46:20","modified_gmt":"2021-05-21T13:46:20","slug":"prefeito-interino-hingo-hammes-ouve-liderancas-comunitarias-da-regiao-do-quitandinha","status":"publish","type":"post","link":"https:\/\/tvc16.com\/portal\/2021\/05\/21\/prefeito-interino-hingo-hammes-ouve-liderancas-comunitarias-da-regiao-do-quitandinha\/","title":{"rendered":"Prefeito interino Hingo Hammes ouve lideran\u00e7as comunit\u00e1rias da regi\u00e3o do Quitandinha"},"content":{"rendered":"\n<p>O prefeito interino Hingo Hammes participou de um encontro com as lideran\u00e7as comunit\u00e1rias da regi\u00e3o do Quitandinha \u2013 Independ\u00eancia, Sim\u00e9ria, Taquara e S\u00e3o Sebasti\u00e3o \u2013 na noite de quartafeira (20\/05) na Casa dos Conselhos. A reuni\u00e3o, organizada pela Coordenadoria Especial de Rela\u00e7\u00f5es Institucionais, teve como objetivo ouvir da popula\u00e7\u00e3o as demandas que envolvem as secretarias de Educa\u00e7\u00e3o e Assist\u00eancia Social e da Companhia de Desenvolvimento de Petr\u00f3polis (Comdep). Tamb\u00e9m estiveram presentes os vereadores Domingos Galante (PSC) e Gilda Beatriz (PSD).<\/p>\n\n\n\n<p>&#8220;A gente quer resolver as demandas mais urgentes da popula\u00e7\u00e3o mais rapidamente. Para isso, essa aproxima\u00e7\u00e3o do poder p\u00fablico com os moradores \u00e9 fundamental&#8221;, ressaltou o prefeito interino Hingo Hammes, que esteve acompanhado das secretarias de Educa\u00e7\u00e3o, Marcia Palma, de Assist\u00eancia Social, Rosane Borsato e da coordenadora Especial de Rela\u00e7\u00f5es Institucionais, Fernanda Ferreira.<\/p>\n\n\n\n<p>Esse mesmo grupo de lideran\u00e7as vai participar de reuni\u00f5es que envolvam outras secretarias nas pr\u00f3ximas semanas. &#8220;Criamos oito grupos de lideran\u00e7as comunit\u00e1rias divididos por regi\u00f5es. S\u00e3o cerca de 200 pessoas envolvidas. Queremos que eles tragam para a prefeitura quais s\u00e3o as demandas de cada local. Dessa forma, com a uni\u00e3o entre a popula\u00e7\u00e3o e a prefeitura, as coisas caminham da melhor maneira&#8221;, destacou Fernanda Ferreira.<\/p>\n\n\n\n<p>Segundo Robson Thom\u00e1s de Souza, que representou o grupo de lideran\u00e7as comunit\u00e1rias no encontro, a presen\u00e7a do prefeito interino Hingo Hammes demonstra a import\u00e2ncia do encontro. &#8220;H\u00e1 muito tempo que as comunidades precisam ser ouvidas. A presen\u00e7a do Hingo demonstra a preocupa\u00e7\u00e3o desse governo com os bairros. A gente fica muito feliz com esse encontro, j\u00e1 que dessa forma as coisas ser\u00e3o resolvidas mais rapidamente&#8221;, disse.<\/p>\n\n\n\n<p><\/p>\n","protected":false},"excerpt":{"rendered":"<p>O prefeito interino Hingo Hammes participou de um encontro com as lideran\u00e7as comunit\u00e1rias da regi\u00e3o<\/p>\n","protected":false},"author":2,"featured_media":14763,"comment_status":"open","ping_status":"open","sticky":false,"template":"","format":"standard","meta":{"footnotes":""},"categories":[12],"tags":[],"class_list":["post-14762","post","type-post","status-publish","format-standard","has-post-thumbnail","hentry","category-cidade"],"_links":{"self":[{"href":"https:\/\/tvc16.com\/portal\/wp-json\/wp\/v2\/posts\/14762","targetHints":{"allow":["GET"]}}],"collection":[{"href":"https:\/\/tvc16.com\/portal\/wp-json\/wp\/v2\/posts"}],"about":[{"href":"https:\/\/tvc16.com\/portal\/wp-json\/wp\/v2\/types\/post"}],"author":[{"embeddable":true,"href":"https:\/\/tvc16.com\/portal\/wp-json\/wp\/v2\/users\/2"}],"replies":[{"embeddable":true,"href":"https:\/\/tvc16.com\/portal\/wp-json\/wp\/v2\/comments?post=14762"}],"version-history":[{"count":1,"href":"https:\/\/tvc16.com\/portal\/wp-json\/wp\/v2\/posts\/14762\/revisions"}],"predecessor-version":[{"id":14764,"href":"https:\/\/tvc16.com\/portal\/wp-json\/wp\/v2\/posts\/14762\/revisions\/14764"}],"wp:featuredmedia":[{"embeddable":true,"href":"https:\/\/tvc16.com\/portal\/wp-json\/wp\/v2\/media\/14763"}],"wp:attachment":[{"href":"https:\/\/tvc16.com\/portal\/wp-json\/wp\/v2\/media?parent=14762"}],"wp:term":[{"taxonomy":"category","embeddable":true,"href":"https:\/\/tvc16.com\/portal\/wp-json\/wp\/v2\/categories?post=14762"},{"taxonomy":"post_tag","embeddable":true,"href":"https:\/\/tvc16.com\/portal\/wp-json\/wp\/v2\/tags?post=14762"}],"curies":[{"name":"wp","href":"https:\/\/api.w.org\/{rel}","templated":true}]}}