{"id":14767,"date":"2021-05-21T10:48:08","date_gmt":"2021-05-21T13:48:08","guid":{"rendered":"https:\/\/tvc16.com\/portal\/?p=14767"},"modified":"2021-05-21T10:48:10","modified_gmt":"2021-05-21T13:48:10","slug":"forcas-de-seguranca-alinham-estrategias-para-o-combate-da-exploracao-infantil","status":"publish","type":"post","link":"https:\/\/tvc16.com\/portal\/2021\/05\/21\/forcas-de-seguranca-alinham-estrategias-para-o-combate-da-exploracao-infantil\/","title":{"rendered":"For\u00e7as de seguran\u00e7a alinham estrat\u00e9gias para o combate da explora\u00e7\u00e3o infantil"},"content":{"rendered":"\n<p>Representantes do governo municipal, Pol\u00edcia Militar (PM) e sociedade civil estiveram reunidos nesta quinta-feira (20\/05) alinhando estrat\u00e9gias para combater a explora\u00e7\u00e3o infantil no munic\u00edpio. O objetivo \u00e9 refor\u00e7ar as a\u00e7\u00f5es nas ruas para proteger as crian\u00e7as e adolescentes que comumente s\u00e3o negligenciados por pais e respons\u00e1veis.<\/p>\n\n\n\n<p>As equipes que co\u00edbem a explora\u00e7\u00e3o infantil no com\u00e9rcio irregular ser\u00e3o refor\u00e7adas a partir de agora. &#8220;A manipula\u00e7\u00e3o e exposi\u00e7\u00e3o desses jovens ser\u00e3o os principais alvos do nosso trabalho&#8221;, explica a secret\u00e1ria de Servi\u00e7os, Seguran\u00e7a e Ordem P\u00fablica (SSOP), Karina Bronzo.<\/p>\n\n\n\n<p>&#8220;Existem relatos de pais que emprestam seus filhos menores a terceiros para pedir esmolas. Estas crian\u00e7as vivenciam condi\u00e7\u00f5es insalubres, abusos sexuais e doping&#8221;, refor\u00e7a Simone de Almeida Silva, comandante do 26\u00ba BPM.<\/p>\n\n\n\n<p>Recentemente, por meio de uma iniciativa do Conselho Municipal de Seguran\u00e7a, ficou determinada a realiza\u00e7\u00e3o de a\u00e7\u00f5es para coibir a explora\u00e7\u00e3o de crian\u00e7as e adolescentes para a venda de balas e outros produtos. O trabalho \u00e9 permanente, como explica a vice-presidente do Conselho Comunit\u00e1rio de Seguran\u00e7a, Alvanei Abi Daoud.<\/p>\n\n\n\n<p>&#8220;Existem quest\u00f5es de ordem p\u00fablica que se tornam quest\u00f5es de seguran\u00e7a p\u00fablica. O com\u00e9rcio irregular acaba por trazer e mascarar crimes como a explora\u00e7\u00e3o imoral de menores de idade, assim como o tr\u00e1fico de drogas e roubos a cidad\u00e3os&#8221;, frisou Alvanei.<\/p>\n","protected":false},"excerpt":{"rendered":"<p>Representantes do governo municipal, Pol\u00edcia Militar (PM) e sociedade civil estiveram reunidos nesta quinta-feira (20\/05)<\/p>\n","protected":false},"author":2,"featured_media":14768,"comment_status":"open","ping_status":"open","sticky":false,"template":"","format":"standard","meta":{"footnotes":""},"categories":[12],"tags":[],"class_list":["post-14767","post","type-post","status-publish","format-standard","has-post-thumbnail","hentry","category-cidade"],"_links":{"self":[{"href":"https:\/\/tvc16.com\/portal\/wp-json\/wp\/v2\/posts\/14767","targetHints":{"allow":["GET"]}}],"collection":[{"href":"https:\/\/tvc16.com\/portal\/wp-json\/wp\/v2\/posts"}],"about":[{"href":"https:\/\/tvc16.com\/portal\/wp-json\/wp\/v2\/types\/post"}],"author":[{"embeddable":true,"href":"https:\/\/tvc16.com\/portal\/wp-json\/wp\/v2\/users\/2"}],"replies":[{"embeddable":true,"href":"https:\/\/tvc16.com\/portal\/wp-json\/wp\/v2\/comments?post=14767"}],"version-history":[{"count":1,"href":"https:\/\/tvc16.com\/portal\/wp-json\/wp\/v2\/posts\/14767\/revisions"}],"predecessor-version":[{"id":14769,"href":"https:\/\/tvc16.com\/portal\/wp-json\/wp\/v2\/posts\/14767\/revisions\/14769"}],"wp:featuredmedia":[{"embeddable":true,"href":"https:\/\/tvc16.com\/portal\/wp-json\/wp\/v2\/media\/14768"}],"wp:attachment":[{"href":"https:\/\/tvc16.com\/portal\/wp-json\/wp\/v2\/media?parent=14767"}],"wp:term":[{"taxonomy":"category","embeddable":true,"href":"https:\/\/tvc16.com\/portal\/wp-json\/wp\/v2\/categories?post=14767"},{"taxonomy":"post_tag","embeddable":true,"href":"https:\/\/tvc16.com\/portal\/wp-json\/wp\/v2\/tags?post=14767"}],"curies":[{"name":"wp","href":"https:\/\/api.w.org\/{rel}","templated":true}]}}