{"id":1477,"date":"2020-09-28T15:22:13","date_gmt":"2020-09-28T15:22:13","guid":{"rendered":"https:\/\/tvc16.com\/portal\/?p=1477"},"modified":"2020-09-28T15:22:13","modified_gmt":"2020-09-28T15:22:13","slug":"secretaria-de-estado-de-fazenda-lanca-programa-na-mira-da-receita-estadual","status":"publish","type":"post","link":"https:\/\/tvc16.com\/portal\/2020\/09\/28\/secretaria-de-estado-de-fazenda-lanca-programa-na-mira-da-receita-estadual\/","title":{"rendered":"Secretaria de Estado de Fazenda lan\u00e7a Programa \u2018Na Mira da Receita Estadual\u2019"},"content":{"rendered":"\n<p><em>Opera\u00e7\u00f5es de combate \u00e0 sonega\u00e7\u00e3o em setores sens\u00edveis da economia ser\u00e3o intensificadas<\/em><\/p>\n\n\n\n<p>Melhorar a arrecada\u00e7\u00e3o sem aumento da carga tribut\u00e1ria e fortalecer ainda mais o combate \u00e0 sonega\u00e7\u00e3o fiscal e \u00e0 concorr\u00eancia desleal. Esses s\u00e3o alguns objetivos do Programa \u201cNa Mira da Receita Estadual\u201d, lan\u00e7ado este m\u00eas pela Secretaria de Estado de Fazenda do Rio de Janeiro (Sefaz-RJ). A partir de agora, todas as opera\u00e7\u00f5es semanais para coibir irregularidades tribut\u00e1rias ser\u00e3o intensificadas e passar\u00e3o a integrar o novo programa.<\/p>\n\n\n\n<p>\u201cO \u2018Na Mira da Receita Estadual\u2019 \u00e9 parte do nosso Planejamento Estrat\u00e9gico, dentro da \u00e1rea tribut\u00e1ria. \u00c9 um trabalho fundamental e a nossa ideia \u00e9 elevar o n\u00edvel da fiscaliza\u00e7\u00e3o. O programa \u00e9 fruto das mudan\u00e7as realizadas na Receita Estadual desde a minha chegada ao cargo\u201d, afirmou o secret\u00e1rio de Estado de Fazenda, Guilherme Merc\u00eas.<\/p>\n\n\n\n<p>A cria\u00e7\u00e3o do programa vai aprimorar o planejamento das fiscaliza\u00e7\u00f5es, proporcionando uma gest\u00e3o mais racional dos recursos humanos e materiais. Dessa maneira, ser\u00e1 poss\u00edvel obter resultados mais efetivos, especialmente em setores da economia que tradicionalmente apresentam um grande volume de irregularidades, como bebidas, cigarros e combust\u00edveis. Com base no Decreto 47.201\/20, o setor de incentivos fiscais ser\u00e1 um dos pontos de aten\u00e7\u00e3o.<\/p>\n\n\n\n<p>Os quatro eixos de atua\u00e7\u00e3o do programa ser\u00e3o: Opera\u00e7\u00f5es Fiscais, abrangendo inclusive o setor de cadastro; Educa\u00e7\u00e3o Fiscal; Cobran\u00e7a e Moderniza\u00e7\u00e3o da Receita Estadual. Outra medida ser\u00e1 a cria\u00e7\u00e3o de novas malhas fiscais pela Superintend\u00eancia de Planejamento Fiscal (Suplaf).<\/p>\n\n\n\n<p>\u201cO programa \u2018Na Mira da Receita Estadual\u2019 trar\u00e1 uma sistematiza\u00e7\u00e3o das nossas opera\u00e7\u00f5es fiscais e um planejamento integrado com as demais superintend\u00eancias da Subsecretaria de Receita e \u00f3rg\u00e3os parceiros, como Minist\u00e9rio P\u00fablico e Pol\u00edcia Civil. Al\u00e9m disso, estamos aprimorando nosso plano de fiscaliza\u00e7\u00e3o em benef\u00edcios fiscais e vamos desenquadrar os contribuintes que n\u00e3o atenderem as metas e condi\u00e7\u00f5es previstas\u201d, explicou o superintendente de Fiscaliza\u00e7\u00e3o da Sefaz-RJ, Rodrigo Aguieiras.<\/p>\n\n\n\n<p>Segundo o subsecret\u00e1rio de Estado de Receita, Antonio Carlos Cabral, um dos principais intuitos do \u201cNa Mira da Receita Estadual\u201d \u00e9 garantir que os contribuintes sejam tratados de maneira igual: \u201cAntes de aumentar a arrecada\u00e7\u00e3o, \u00e9 preciso garantir essa isonomia. Dessa forma, vamos combater a concorr\u00eancia desleal\u201d.<\/p>\n\n\n\n<p>O programa prev\u00ea ainda a moderniza\u00e7\u00e3o da administra\u00e7\u00e3o tribut\u00e1ria, incluindo as Barreiras Fiscais e a aquisi\u00e7\u00e3o de solu\u00e7\u00f5es de tecnologia da informa\u00e7\u00e3o que dar\u00e3o mais efetividade \u00e0s a\u00e7\u00f5es fiscais, bem como a qualifica\u00e7\u00e3o do quadro de pessoal. No setor de combust\u00edveis, por exemplo, os Auditores Fiscais da Receita Estadual lotados nas Auditorias Regionais poder\u00e3o aproveitar os procedimentos da Opera\u00e7\u00e3o Purus, criada para fiscalizar postos de combust\u00edveis, e realizar\u00e3o vistorias nos cerca de 2.500 estabelecimentos do setor em todos os munic\u00edpios do Rio. \u201cSer\u00e1 uma maneira de padronizar o trabalho e ampliar o seu campo de atua\u00e7\u00e3o para o interior do estado\u201d, destacou Rodrigo Aguieiras.<\/p>\n\n\n\n<p>As opera\u00e7\u00f5es ser\u00e3o realizadas com base em levantamentos das superintend\u00eancias de Fiscaliza\u00e7\u00e3o (Sufis), de Intelig\u00eancia Fiscal (Suif) e de Planejamento Fiscal (Suplaf). A Intelig\u00eancia, por exemplo, vai sugerir a\u00e7\u00f5es de combate a fraudes fiscais estruturadas. Tamb\u00e9m ser\u00e1 dada aten\u00e7\u00e3o ao setor de leil\u00f5es.<\/p>\n","protected":false},"excerpt":{"rendered":"<p>Opera\u00e7\u00f5es de combate \u00e0 sonega\u00e7\u00e3o em setores sens\u00edveis da economia ser\u00e3o intensificadas Melhorar a arrecada\u00e7\u00e3o<\/p>\n","protected":false},"author":2,"featured_media":1478,"comment_status":"open","ping_status":"open","sticky":false,"template":"","format":"standard","meta":{"footnotes":""},"categories":[18],"tags":[],"class_list":["post-1477","post","type-post","status-publish","format-standard","has-post-thumbnail","hentry","category-economia"],"_links":{"self":[{"href":"https:\/\/tvc16.com\/portal\/wp-json\/wp\/v2\/posts\/1477","targetHints":{"allow":["GET"]}}],"collection":[{"href":"https:\/\/tvc16.com\/portal\/wp-json\/wp\/v2\/posts"}],"about":[{"href":"https:\/\/tvc16.com\/portal\/wp-json\/wp\/v2\/types\/post"}],"author":[{"embeddable":true,"href":"https:\/\/tvc16.com\/portal\/wp-json\/wp\/v2\/users\/2"}],"replies":[{"embeddable":true,"href":"https:\/\/tvc16.com\/portal\/wp-json\/wp\/v2\/comments?post=1477"}],"version-history":[{"count":1,"href":"https:\/\/tvc16.com\/portal\/wp-json\/wp\/v2\/posts\/1477\/revisions"}],"predecessor-version":[{"id":1479,"href":"https:\/\/tvc16.com\/portal\/wp-json\/wp\/v2\/posts\/1477\/revisions\/1479"}],"wp:featuredmedia":[{"embeddable":true,"href":"https:\/\/tvc16.com\/portal\/wp-json\/wp\/v2\/media\/1478"}],"wp:attachment":[{"href":"https:\/\/tvc16.com\/portal\/wp-json\/wp\/v2\/media?parent=1477"}],"wp:term":[{"taxonomy":"category","embeddable":true,"href":"https:\/\/tvc16.com\/portal\/wp-json\/wp\/v2\/categories?post=1477"},{"taxonomy":"post_tag","embeddable":true,"href":"https:\/\/tvc16.com\/portal\/wp-json\/wp\/v2\/tags?post=1477"}],"curies":[{"name":"wp","href":"https:\/\/api.w.org\/{rel}","templated":true}]}}