{"id":14776,"date":"2021-05-21T10:51:13","date_gmt":"2021-05-21T13:51:13","guid":{"rendered":"https:\/\/tvc16.com\/portal\/?p=14776"},"modified":"2021-05-21T10:51:15","modified_gmt":"2021-05-21T13:51:15","slug":"obras-na-escola-municipal-leonardo-boff-sao-finalizadas","status":"publish","type":"post","link":"https:\/\/tvc16.com\/portal\/2021\/05\/21\/obras-na-escola-municipal-leonardo-boff-sao-finalizadas\/","title":{"rendered":"Obras na Escola Municipal Leonardo Boff s\u00e3o finalizadas"},"content":{"rendered":"\n<p>Unidade mant\u00e9m 70 alunos matriculados na educa\u00e7\u00e3o infantil e ensino fundamental I<\/p>\n\n\n\n<p>Quando as aulas presenciais retornarem para os 70 alunos da EM Leonardo Boff, eles encontrar\u00e3o um pr\u00e9dio reformado, gra\u00e7as \u00e0 revitaliza\u00e7\u00e3o realizada na escola que funciona no Contorno. Nessa quinta-feira (20\/05), o prefeito Hingo Hammes entregou as obras na escola, que passou por uma revitaliza\u00e7\u00e3o completa, com pintura geral, inclusive no p\u00e1tio, instala\u00e7\u00e3o de para raio no telhado e revitaliza\u00e7\u00e3o da rede el\u00e9trica, tamb\u00e9m no pr\u00e9dio anexo e na cozinha.<\/p>\n\n\n\n<p>A reforma atende a um pedido antigo da comunidade. A EM Leonardo Boff \u00e9 uma escola de origem comunit\u00e1ria e sua funda\u00e7\u00e3o envolve a participa\u00e7\u00e3o de moradores e apoiadores, inclusive na constru\u00e7\u00e3o do pr\u00e9dio.<\/p>\n\n\n\n<p>\u201cA escola estava h\u00e1 19 anos sem reforma. Precis\u00e1vamos, principalmente, de uma nova rede el\u00e9trica. Pedimos auxilio ao Minist\u00e9rio P\u00fablico Federal, atrav\u00e9s do Dr. Charles Pessoa, que sempre nos acompanhou e entrou em um acordo com a prefeitura, viabilizando o nosso pedido. Com isso, conseguimos acompanhar todas as etapas da revitaliza\u00e7\u00e3o e hoje temos um espa\u00e7o renovado\u201d, explicou a diretora da EM Leonardo Boff, Ang\u00e9lica Domingas. Vale destacar que, nesse ano, a EM Leonardo Boff completar\u00e1 35 anos. \u201c\u00c9 uma vit\u00f3ria para a comunidade. \u00c9 uma alegria muito grande, ainda mais hoje, dia em que comemoramos o dia do pedagogo, estar aqui, na escola toda renovada, \u00e9 um momento significativo para toda a comunidade escolar\u201d, completa Ang\u00e9lica.<\/p>\n\n\n\n<p>A reforma na escola come\u00e7ou em 2019. Importante lembrar que o pr\u00e9dio da EM Leonardo Boff havia sido desocupado em novembro de 2017, ap\u00f3s a abertura de uma cratera no Contorno, \u00e0s margens da rodovia BR-040, na altura do quil\u00f4metro 81 da pista de descida da Serra. O incidente acarretou a interdi\u00e7\u00e3o total do local, al\u00e9m da mudan\u00e7a dos moradores da regi\u00e3o. Com a interdi\u00e7\u00e3o, os alunos passaram a ser atendidos em um im\u00f3vel no Duarte da Silveira e, para que a escola retornasse ao local de origem, mesmo com a desinterdi\u00e7\u00e3o, foi necess\u00e1ria uma revitaliza\u00e7\u00e3o completa.<\/p>\n\n\n\n<p>\u201c\u00c9 muito gratificante participar desse momento. Ver a escola renovada e pronta para receber os alunos. Sei o quanto essa comunidade lutou e luta por essa escola que tem uma hist\u00f3ria de amor, generosidade e acolhimento por esses moradores\u201d, afirmou o prefeito interino Hingo Hammes.<\/p>\n\n\n\n<p>A escola tamb\u00e9m recebeu as adequa\u00e7\u00f5es necess\u00e1rias perante as normas do Corpo de Bombeiros, al\u00e9m de cria\u00e7\u00e3o de central de GLP (g\u00e1s). \u201cPara os alunos encontrar uma escola renovada no retorno \u00e0s aulas presenciais ser\u00e1 ainda mais estimulante. Como foi muito bem colocado pela diretora Ang\u00e9lica, comemoramos o dia do pedagogo em 20 de maio e entregar a escola reformada \u00e9 uma vit\u00f3ria para toda a rede e principalmente para essa comunidade que sempre lutou tanto pela educa\u00e7\u00e3o transformadora, capaz de mudar tantas realidades\u201d, destacou a secret\u00e1ria de Educa\u00e7\u00e3o, Marcia Palma.<\/p>\n","protected":false},"excerpt":{"rendered":"<p>Unidade mant\u00e9m 70 alunos matriculados na educa\u00e7\u00e3o infantil e ensino fundamental I Quando as aulas<\/p>\n","protected":false},"author":2,"featured_media":14777,"comment_status":"open","ping_status":"open","sticky":false,"template":"","format":"standard","meta":{"footnotes":""},"categories":[12],"tags":[],"class_list":["post-14776","post","type-post","status-publish","format-standard","has-post-thumbnail","hentry","category-cidade"],"_links":{"self":[{"href":"https:\/\/tvc16.com\/portal\/wp-json\/wp\/v2\/posts\/14776","targetHints":{"allow":["GET"]}}],"collection":[{"href":"https:\/\/tvc16.com\/portal\/wp-json\/wp\/v2\/posts"}],"about":[{"href":"https:\/\/tvc16.com\/portal\/wp-json\/wp\/v2\/types\/post"}],"author":[{"embeddable":true,"href":"https:\/\/tvc16.com\/portal\/wp-json\/wp\/v2\/users\/2"}],"replies":[{"embeddable":true,"href":"https:\/\/tvc16.com\/portal\/wp-json\/wp\/v2\/comments?post=14776"}],"version-history":[{"count":1,"href":"https:\/\/tvc16.com\/portal\/wp-json\/wp\/v2\/posts\/14776\/revisions"}],"predecessor-version":[{"id":14778,"href":"https:\/\/tvc16.com\/portal\/wp-json\/wp\/v2\/posts\/14776\/revisions\/14778"}],"wp:featuredmedia":[{"embeddable":true,"href":"https:\/\/tvc16.com\/portal\/wp-json\/wp\/v2\/media\/14777"}],"wp:attachment":[{"href":"https:\/\/tvc16.com\/portal\/wp-json\/wp\/v2\/media?parent=14776"}],"wp:term":[{"taxonomy":"category","embeddable":true,"href":"https:\/\/tvc16.com\/portal\/wp-json\/wp\/v2\/categories?post=14776"},{"taxonomy":"post_tag","embeddable":true,"href":"https:\/\/tvc16.com\/portal\/wp-json\/wp\/v2\/tags?post=14776"}],"curies":[{"name":"wp","href":"https:\/\/api.w.org\/{rel}","templated":true}]}}