{"id":14779,"date":"2021-05-21T10:53:31","date_gmt":"2021-05-21T13:53:31","guid":{"rendered":"https:\/\/tvc16.com\/portal\/?p=14779"},"modified":"2021-05-21T10:53:33","modified_gmt":"2021-05-21T13:53:33","slug":"secretario-municipal-de-saude-testa-positivo-para-covid-19","status":"publish","type":"post","link":"https:\/\/tvc16.com\/portal\/2021\/05\/21\/secretario-municipal-de-saude-testa-positivo-para-covid-19\/","title":{"rendered":"Secret\u00e1rio municipal de Sa\u00fade testa positivo para covid-19"},"content":{"rendered":"\n<p>O secret\u00e1rio municipal de Sa\u00fade, Aloisio Barbosa da Silva Filho, testou positivo para covid-19. O resultado, obtido a partir de um teste de ant\u00edgeno, foi confirmado nesta quinta-feira (20) por meio de PCR. Al\u00e9m das fun\u00e7\u00f5es na secretaria, ele vinha mantendo o trabalho como m\u00e9dico, inclusive atendendo pacientes com covid-19 internados. Aloisio Barbosa apresenta apenas sintomas leves da doen\u00e7a e seguir\u00e1 o protocolo, com isolamento pelos pr\u00f3ximos 10 dias.<\/p>\n","protected":false},"excerpt":{"rendered":"<p>O secret\u00e1rio municipal de Sa\u00fade, Aloisio Barbosa da Silva Filho, testou positivo para covid-19. O<\/p>\n","protected":false},"author":2,"featured_media":14780,"comment_status":"open","ping_status":"open","sticky":false,"template":"","format":"standard","meta":{"footnotes":""},"categories":[12],"tags":[],"class_list":["post-14779","post","type-post","status-publish","format-standard","has-post-thumbnail","hentry","category-cidade"],"_links":{"self":[{"href":"https:\/\/tvc16.com\/portal\/wp-json\/wp\/v2\/posts\/14779","targetHints":{"allow":["GET"]}}],"collection":[{"href":"https:\/\/tvc16.com\/portal\/wp-json\/wp\/v2\/posts"}],"about":[{"href":"https:\/\/tvc16.com\/portal\/wp-json\/wp\/v2\/types\/post"}],"author":[{"embeddable":true,"href":"https:\/\/tvc16.com\/portal\/wp-json\/wp\/v2\/users\/2"}],"replies":[{"embeddable":true,"href":"https:\/\/tvc16.com\/portal\/wp-json\/wp\/v2\/comments?post=14779"}],"version-history":[{"count":1,"href":"https:\/\/tvc16.com\/portal\/wp-json\/wp\/v2\/posts\/14779\/revisions"}],"predecessor-version":[{"id":14781,"href":"https:\/\/tvc16.com\/portal\/wp-json\/wp\/v2\/posts\/14779\/revisions\/14781"}],"wp:featuredmedia":[{"embeddable":true,"href":"https:\/\/tvc16.com\/portal\/wp-json\/wp\/v2\/media\/14780"}],"wp:attachment":[{"href":"https:\/\/tvc16.com\/portal\/wp-json\/wp\/v2\/media?parent=14779"}],"wp:term":[{"taxonomy":"category","embeddable":true,"href":"https:\/\/tvc16.com\/portal\/wp-json\/wp\/v2\/categories?post=14779"},{"taxonomy":"post_tag","embeddable":true,"href":"https:\/\/tvc16.com\/portal\/wp-json\/wp\/v2\/tags?post=14779"}],"curies":[{"name":"wp","href":"https:\/\/api.w.org\/{rel}","templated":true}]}}