{"id":14785,"date":"2021-05-21T11:01:20","date_gmt":"2021-05-21T14:01:20","guid":{"rendered":"https:\/\/tvc16.com\/portal\/?p=14785"},"modified":"2021-05-21T11:01:22","modified_gmt":"2021-05-21T14:01:22","slug":"comunidade-do-contorno-comemora-chegada-da-agua-tratada","status":"publish","type":"post","link":"https:\/\/tvc16.com\/portal\/2021\/05\/21\/comunidade-do-contorno-comemora-chegada-da-agua-tratada\/","title":{"rendered":"Comunidade do Contorno comemora chegada da \u00e1gua tratada"},"content":{"rendered":"\n<p>Depois de quase 30 anos de espera, cerca de 200 fam\u00edlias da Comunidade Vilage Contorno &#8211; Campinho, no Km-79 da Rodovia BR-040, ser\u00e3o atendidas com sistema de abastecimento de \u00e1gua. Na tarde desta quinta-feira (20), o prefeito interino Hingo Hammes, junto com representantes da \u00c1guas do Imperador, esteve no local para anunciar a conclus\u00e3o das interven\u00e7\u00f5es, com a interliga\u00e7\u00e3o da rede constru\u00edda na comunidade \u00e0 que j\u00e1 abastece \u00e1reas vizinhas. A ong Aldeia da Crian\u00e7a Feliz, foi a primeira beneficiada com a instala\u00e7\u00e3o do hidr\u00f4metro.<\/p>\n\n\n\n<p>O pr\u00f3ximo passo ser\u00e1 a realiza\u00e7\u00e3o da pesquisa de ades\u00e3o para que sejam feitas as pr\u00f3ximas liga\u00e7\u00f5es, que ser\u00e3o concedidas de forma gratuita pela concession\u00e1ria. A Tarifa Social, que garante 50% de desconto na tarifa, tamb\u00e9m ir\u00e1 beneficiar todas as fam\u00edlias. \u201cEste \u00e9 um momento importante para os moradores da comunidade. Agora os moradores ter\u00e3o a garantia de que estar\u00e3o consumindo \u00e1gua tratada. Isso significa mais sa\u00fade, dignidade e qualidade de vida aos moradores\u201d, disse o prefeito interino Hingo Hammes.<\/p>\n\n\n\n<p>A interliga\u00e7\u00e3o foi feita por meio de uma tecnologia de M\u00e9todo N\u00e3o Destrut\u00edvel, (MND), que faz a travessia subterr\u00e2nea dos tubos e \u00e9 utilizada em estradas e vias com grande fluxo de ve\u00edculos, evitando transtornos na estrada. \u201cA obra, planejada h\u00e1 muitos anos, aguardava apenas a libera\u00e7\u00e3o da Ag\u00eancia Nacional de Transportes Terrestres (ANTT), por tratar-se de uma rodovia federal. Foram 60 metros de rede implantadas para garantir essa interliga\u00e7\u00e3o. Hoje, o sentimento \u00e9 de miss\u00e3o cumprida\u201d, destaca o presidente da \u00c1guas do Imperador, M\u00e1rcio Salles.<\/p>\n\n\n\n<p>O vereador Fred Proc\u00f3pio tamb\u00e9m esteve no local e lembrou que tomou conhecimento da demanda em 2017, quando assumiu a Secretaria de Meio Ambiente, e depois, como vereador suplente, junto com Hingo Hammes. \u201cHavia alguns entraves ambientais, mas conseguimos aprovar a altera\u00e7\u00e3o do zoneamento da \u00e1rea, o que permitiu a extens\u00e3o da rede\u201d, recorda.<br>O agente regional Rodrigo Alves Machado, tamb\u00e9m comemorou a conclus\u00e3o da interven\u00e7\u00e3o. \u201cEsta \u00e9 uma conquista importante para a comunidade\u201d, disse. <\/p>\n\n\n\n<p>Outro que celebrou a chegada do sistema de abastecimento foi o presidente da associa\u00e7\u00e3o de moradores Fl\u00e1vio Ramos da Costa, de 55 anos. \u201cNasci aqui e essa \u00e9 uma grande vit\u00f3ria para todos, principalmente para as nossas crian\u00e7as. N\u00e3o t\u00ednhamos \u00e1gua tratada e n\u00e3o faz\u00edamos ideia que ela pudesse n\u00e3o ser boa para o consumo. A sensa\u00e7\u00e3o \u00e9 de al\u00edvio, valoriza\u00e7\u00e3o e respeito\u201d, frisa.<\/p>\n\n\n\n<p>A moradora Renata Catarina de Assis Rezende, mora h\u00e1 13 anos no local e lembra dos momentos em que ela e os vizinhos tinham que carregar \u00e1gua nos per\u00edodos de estiagem. \u201cO \u00fanico recurso era o po\u00e7o, onde busc\u00e1vamos \u00e1gua no balde. Agora n\u00e3o passaremos mais por esse aborrecimento. Mas o melhor disso tudo \u00e9 que a taxa de liga\u00e7\u00e3o n\u00e3o ser\u00e1 cobrada, pois, por conta da pandemia, muitos est\u00e3o desempregados e n\u00e3o teriam como pagar essa taxa\u201d, pontua.<\/p>\n","protected":false},"excerpt":{"rendered":"<p>Depois de quase 30 anos de espera, cerca de 200 fam\u00edlias da Comunidade Vilage Contorno<\/p>\n","protected":false},"author":2,"featured_media":14786,"comment_status":"open","ping_status":"open","sticky":false,"template":"","format":"standard","meta":{"footnotes":""},"categories":[12],"tags":[],"class_list":["post-14785","post","type-post","status-publish","format-standard","has-post-thumbnail","hentry","category-cidade"],"_links":{"self":[{"href":"https:\/\/tvc16.com\/portal\/wp-json\/wp\/v2\/posts\/14785","targetHints":{"allow":["GET"]}}],"collection":[{"href":"https:\/\/tvc16.com\/portal\/wp-json\/wp\/v2\/posts"}],"about":[{"href":"https:\/\/tvc16.com\/portal\/wp-json\/wp\/v2\/types\/post"}],"author":[{"embeddable":true,"href":"https:\/\/tvc16.com\/portal\/wp-json\/wp\/v2\/users\/2"}],"replies":[{"embeddable":true,"href":"https:\/\/tvc16.com\/portal\/wp-json\/wp\/v2\/comments?post=14785"}],"version-history":[{"count":1,"href":"https:\/\/tvc16.com\/portal\/wp-json\/wp\/v2\/posts\/14785\/revisions"}],"predecessor-version":[{"id":14787,"href":"https:\/\/tvc16.com\/portal\/wp-json\/wp\/v2\/posts\/14785\/revisions\/14787"}],"wp:featuredmedia":[{"embeddable":true,"href":"https:\/\/tvc16.com\/portal\/wp-json\/wp\/v2\/media\/14786"}],"wp:attachment":[{"href":"https:\/\/tvc16.com\/portal\/wp-json\/wp\/v2\/media?parent=14785"}],"wp:term":[{"taxonomy":"category","embeddable":true,"href":"https:\/\/tvc16.com\/portal\/wp-json\/wp\/v2\/categories?post=14785"},{"taxonomy":"post_tag","embeddable":true,"href":"https:\/\/tvc16.com\/portal\/wp-json\/wp\/v2\/tags?post=14785"}],"curies":[{"name":"wp","href":"https:\/\/api.w.org\/{rel}","templated":true}]}}