{"id":14791,"date":"2021-05-21T16:19:51","date_gmt":"2021-05-21T19:19:51","guid":{"rendered":"https:\/\/tvc16.com\/portal\/?p=14791"},"modified":"2021-05-21T16:19:53","modified_gmt":"2021-05-21T19:19:53","slug":"projeto-leituras-na-rede-comeca-neste-fim-de-semanaciclo-de-leituras-e-um-dos-projetos-contemplados-no-edital-do-fundo-de-cultura","status":"publish","type":"post","link":"https:\/\/tvc16.com\/portal\/2021\/05\/21\/projeto-leituras-na-rede-comeca-neste-fim-de-semanaciclo-de-leituras-e-um-dos-projetos-contemplados-no-edital-do-fundo-de-cultura\/","title":{"rendered":"Projeto &#8220;Leituras na Rede&#8221; come\u00e7a neste fim de semana<br>Ciclo de leituras \u00e9 um dos projetos contemplados no edital do Fundo de Cultura"},"content":{"rendered":"\n<p>Um ciclo de leituras dramatizadas com Pita Cavalcanti e Sylvio Costa Filho come\u00e7a nesta sexta-feira (21\/05). O projeto &#8220;Leituras na Rede&#8221; \u00e9 voltado para crian\u00e7as e adultos e ser\u00e1 apresentado nas redes sociais: YouTube &#8211; Grupo Teatral Pessoal A\u00ed e\/ou Facebook &#8211; Sylvio Costa Filho. Esse \u00e9 um dos projetos contemplados no Edital do Fundo de Cultura de 2020 do Instituto Municipal de Cultura (IMC).<\/p>\n\n\n\n<p>\u201c\u00c9 um processo de media\u00e7\u00e3o de leitura. N\u00f3s oferecemos o \u201cgostinho\u201d da cena, da dramatiza\u00e7\u00e3o das palavras, das hist\u00f3rias, do l\u00fadico e do real, da cr\u00edtica e da aventura\u201d, contam os autores do projeto.<\/p>\n\n\n\n<p>Programa\u00e7\u00e3o:<br>Dia 21 de maio, sexta-feira \u2013 20:30h \u2013 \u201cOs Barros do Manoel\u201d \u2013 Uma homenagem ao poeta Manoel de Barros.<br>Dia 22 de maio, s\u00e1bado \u2013 17:00h \u2013 \u201cHist\u00f3rias de Tia Nast\u00e1cia 1 \u2013 O bicho Manjal\u00e9u\u201d \u2013 Monteiro Lobato.<br>Dia 28 de maio, sexta-feira \u2013 20:30h \u2013 \u201cBrasis\u201d \u2013 Colet\u00e2nea de textos sobre a diversidade do nosso pa\u00eds.<br>Dia 29 de maio, s\u00e1bado \u2013 17:00h &#8211; \u201cHist\u00f3rias de Tia Nast\u00e1cia 2 \u2013 O pinto sura\u201d \u2013 Monteiro Lobato.<\/p>\n","protected":false},"excerpt":{"rendered":"<p>Um ciclo de leituras dramatizadas com Pita Cavalcanti e Sylvio Costa Filho come\u00e7a nesta sexta-feira<\/p>\n","protected":false},"author":2,"featured_media":14792,"comment_status":"open","ping_status":"open","sticky":false,"template":"","format":"standard","meta":{"footnotes":""},"categories":[12],"tags":[],"class_list":["post-14791","post","type-post","status-publish","format-standard","has-post-thumbnail","hentry","category-cidade"],"_links":{"self":[{"href":"https:\/\/tvc16.com\/portal\/wp-json\/wp\/v2\/posts\/14791","targetHints":{"allow":["GET"]}}],"collection":[{"href":"https:\/\/tvc16.com\/portal\/wp-json\/wp\/v2\/posts"}],"about":[{"href":"https:\/\/tvc16.com\/portal\/wp-json\/wp\/v2\/types\/post"}],"author":[{"embeddable":true,"href":"https:\/\/tvc16.com\/portal\/wp-json\/wp\/v2\/users\/2"}],"replies":[{"embeddable":true,"href":"https:\/\/tvc16.com\/portal\/wp-json\/wp\/v2\/comments?post=14791"}],"version-history":[{"count":1,"href":"https:\/\/tvc16.com\/portal\/wp-json\/wp\/v2\/posts\/14791\/revisions"}],"predecessor-version":[{"id":14793,"href":"https:\/\/tvc16.com\/portal\/wp-json\/wp\/v2\/posts\/14791\/revisions\/14793"}],"wp:featuredmedia":[{"embeddable":true,"href":"https:\/\/tvc16.com\/portal\/wp-json\/wp\/v2\/media\/14792"}],"wp:attachment":[{"href":"https:\/\/tvc16.com\/portal\/wp-json\/wp\/v2\/media?parent=14791"}],"wp:term":[{"taxonomy":"category","embeddable":true,"href":"https:\/\/tvc16.com\/portal\/wp-json\/wp\/v2\/categories?post=14791"},{"taxonomy":"post_tag","embeddable":true,"href":"https:\/\/tvc16.com\/portal\/wp-json\/wp\/v2\/tags?post=14791"}],"curies":[{"name":"wp","href":"https:\/\/api.w.org\/{rel}","templated":true}]}}