{"id":1480,"date":"2020-09-28T15:24:17","date_gmt":"2020-09-28T15:24:17","guid":{"rendered":"https:\/\/tvc16.com\/portal\/?p=1480"},"modified":"2020-09-28T15:24:17","modified_gmt":"2020-09-28T15:24:17","slug":"enel-distribuicao-rio-alerta-para-o-aumento-do-consumo-de-energia-devido-as-altas-temperaturas","status":"publish","type":"post","link":"https:\/\/tvc16.com\/portal\/2020\/09\/28\/enel-distribuicao-rio-alerta-para-o-aumento-do-consumo-de-energia-devido-as-altas-temperaturas\/","title":{"rendered":"Enel Distribui\u00e7\u00e3o rio alerta para o aumento do consumo de energia devido \u00e0s altas temperaturas"},"content":{"rendered":"\n<p>Distribuidora registrou aumento de 8,6% no consumo de energia no quarto trimestre de 2019, quando as temperaturas est\u00e3o mais altas, em rela\u00e7\u00e3o ao terceiro trimestre do mesmo ano;<\/p>\n\n\n\n<p>Empresa orienta que clientes adotem novos h\u00e1bitos para economizar energia durante dias mais quentes<\/p>\n\n\n\n<p>Niter\u00f3i, 28 de Setembro de 2020 \u2013\u202fCom o aumento das temperaturas registrado nos \u00faltimos dias em todo o Estado, a Enel Distribui\u00e7\u00e3o Rio orienta que os clientes consumam energia de forma consciente. Com o forte calor, o uso de equipamentos como ar condicionado e ventilador se torna cada vez mais frequente. Al\u00e9m disso, aparelhos refrigeradores, como geladeira, freezer e bebedouros, naturalmente consomem mais energia, pois os compressores precisam ser acionados com mais frequ\u00eancia para manter a temperatura para a qual est\u00e3o programados. Nos \u00faltimos tr\u00eas meses do ano passado, quando as temperaturas tamb\u00e9m estavam mais elevadas, a distribuidora registrou aumento de 8,6% no consumo residencial de energia, em compara\u00e7\u00e3o com o trimestre anterior de 2019. \u00c9 preciso aten\u00e7\u00e3o e uso moderado para que n\u00e3o haja susto na hora de pagar a conta de energia.<\/p>\n\n\n\n<p>O respons\u00e1vel por Faturamento da Enel Distribui\u00e7\u00e3o Rio, Luis Felipe Diniz, explica que, para economizar energia, os clientes devem adotar novos h\u00e1bitos de consumo, que v\u00e3o ajudar a reduzir o valor da conta. \u201cMedidas simples, como diminuir a temperatura do chuveiro, evitar usar o micro-ondas para descongelar alimentos e abrir a geladeira com menor frequ\u00eancia, podem impactar significativamente no valor da conta. Tamb\u00e9m \u00e9 importante verificar as instala\u00e7\u00f5es internas da resid\u00eancia periodicamente, pois instala\u00e7\u00f5es antigas, com fios velhos ou muitas emendas, causam desperd\u00edcio de energia e podem at\u00e9 causar inc\u00eandios\u201d, completa.&nbsp;<\/p>\n\n\n\n<p>Abaixo, algumas orienta\u00e7\u00f5es que podem ajudar a economizar nesta \u00e9poca de calor:&nbsp;<\/p>\n\n\n\n<p>&#8211; D\u00ea prefer\u00eancia para l\u00e2mpadas LED; elas consomem menos e duram at\u00e9 dez vezes mais.&nbsp;<\/p>\n\n\n\n<p>&#8211; Na hora de comprar um eletrodom\u00e9stico, verifique se ele possui o Selo Procel de Economia de Energia classe A, que s\u00e3o os campe\u00f5es da economia.&nbsp;<\/p>\n\n\n\n<p>&#8211; N\u00e3o ligue muitos aparelhos na mesma tomada com o uso de T\u2019s, pois isso pode provocar aquecimento nos fios, causando desperd\u00edcio de energia e at\u00e9 mesmo acidentes graves.&nbsp;<\/p>\n\n\n\n<p>&#8211; Desligue o ventilador e\/ou umidificador sempre que deixar de usar o ambiente.<\/p>\n\n\n\n<p>&nbsp;Ar condicionado:&nbsp;<\/p>\n\n\n\n<p>&#8211; Escolha modelos mais econ\u00f4micos, com selo Procel e classifica\u00e7\u00e3o A.<\/p>\n\n\n\n<p>&#8211; Evite entrada de sol no ambiente refrigerado e instale o aparelho em local com boa circula\u00e7\u00e3o de ar.&nbsp;<\/p>\n\n\n\n<p>&#8211; Ajuste a temperatura para em torno de 23\u00b0C. As temperaturas mais baixas podem n\u00e3o ser alcan\u00e7adas e fazer o aparelho trabalhar o tempo todo em pot\u00eancia m\u00e1xima.<\/p>\n\n\n\n<p>&#8211; Mantenha os filtros de ar limpos.&nbsp;<\/p>\n\n\n\n<p>&#8211; Compre o equipamento com pot\u00eancia adequada ao tamanho do ambiente onde pretende instal\u00e1-lo.&nbsp;<\/p>\n\n\n\n<p>&#8211; Um aparelho do tipo Split, com pot\u00eancia entre 10.000 e 15.000 BTU\u2019s, usado 8 horas por dia, consome em m\u00e9dia 194 kWh no m\u00eas, que pode corresponder a mais de R$ 150,00 na conta de energia.<\/p>\n\n\n\n<p>&nbsp;Geladeiras, freezers, adegas e cervejeiras:&nbsp;<\/p>\n\n\n\n<p>&#8211; Fa\u00e7a revis\u00f5es peri\u00f3dicas, com profissionais capacitados, das borrachas de isolamento das portas e sensores de temperatura, para evitar consumo excessivo.<\/p>\n\n\n\n<p>&#8211; Evite abrir os equipamentos com frequ\u00eancia, pois o ar quente exige mais energia para resfriar e atingir novamente a temperatura ajustada.<\/p>\n\n\n\n<p>&#8211; N\u00e3o utilize a parte de tr\u00e1s para secar objetos.&nbsp;<\/p>\n\n\n\n<p>&#8211; Mantenha as sa\u00eddas de ar do congelador desobstru\u00eddas;<\/p>\n\n\n\n<p>&#8211; N\u00e3o forre as prateleiras, isso dificulta a circula\u00e7\u00e3o interna do ar.&nbsp;<\/p>\n\n\n\n<p>&#8211; Instale o aparelho em um local bem ventilado, longe do fog\u00e3o, aquecedor e \u00e1reas expostas ao sol.&nbsp;&nbsp;<\/p>\n\n\n\n<p>Chuveiro el\u00e9trico:&nbsp;<\/p>\n\n\n\n<p>&#8211; Feche a torneira para se ensaboar.&nbsp;<\/p>\n\n\n\n<p>&#8211; Tome banhos r\u00e1pidos e, se poss\u00edvel, com a chave de temperatura na posi\u00e7\u00e3o &#8220;ver\u00e3o&#8221;, o que pode reduzir o consumo em at\u00e9 30%.&nbsp;<\/p>\n\n\n\n<p>&#8211; Compre sempre chuveiros de menor pot\u00eancia (2 a 6 kW), que s\u00e3o eficientes e consomem menos.<\/p>\n\n\n\n<p>&#8211; Limpe com frequ\u00eancia os orif\u00edcios de sa\u00edda de \u00e1gua. Se n\u00e3o estiverem limpos, haver\u00e1 menos \u00e1gua e o chuveiro ter\u00e1 que ficar mais tempo ligado.&nbsp;&nbsp;<\/p>\n\n\n\n<p>Atendimento&nbsp;<\/p>\n\n\n\n<p>Todos os servi\u00e7os de atendimento da Enel Distribui\u00e7\u00e3o Rio est\u00e3o dispon\u00edveis nos canais da distribuidora, como pelo site da distribuidora (www.enel.com.br), pelo Aplicativo Enel (dispon\u00edvel para iOs e Android), pelo Whatsapp Elena: (21) 99601-9608, e por meio da Central de Relacionamento (0800 28 00 120).<\/p>\n\n\n\n<p>Foto: internet<\/p>\n","protected":false},"excerpt":{"rendered":"<p>Distribuidora registrou aumento de 8,6% no consumo de energia no quarto trimestre de 2019, quando<\/p>\n","protected":false},"author":2,"featured_media":1481,"comment_status":"open","ping_status":"open","sticky":false,"template":"","format":"standard","meta":{"footnotes":""},"categories":[17],"tags":[],"class_list":["post-1480","post","type-post","status-publish","format-standard","has-post-thumbnail","hentry","category-outras-noticias"],"_links":{"self":[{"href":"https:\/\/tvc16.com\/portal\/wp-json\/wp\/v2\/posts\/1480","targetHints":{"allow":["GET"]}}],"collection":[{"href":"https:\/\/tvc16.com\/portal\/wp-json\/wp\/v2\/posts"}],"about":[{"href":"https:\/\/tvc16.com\/portal\/wp-json\/wp\/v2\/types\/post"}],"author":[{"embeddable":true,"href":"https:\/\/tvc16.com\/portal\/wp-json\/wp\/v2\/users\/2"}],"replies":[{"embeddable":true,"href":"https:\/\/tvc16.com\/portal\/wp-json\/wp\/v2\/comments?post=1480"}],"version-history":[{"count":1,"href":"https:\/\/tvc16.com\/portal\/wp-json\/wp\/v2\/posts\/1480\/revisions"}],"predecessor-version":[{"id":1482,"href":"https:\/\/tvc16.com\/portal\/wp-json\/wp\/v2\/posts\/1480\/revisions\/1482"}],"wp:featuredmedia":[{"embeddable":true,"href":"https:\/\/tvc16.com\/portal\/wp-json\/wp\/v2\/media\/1481"}],"wp:attachment":[{"href":"https:\/\/tvc16.com\/portal\/wp-json\/wp\/v2\/media?parent=1480"}],"wp:term":[{"taxonomy":"category","embeddable":true,"href":"https:\/\/tvc16.com\/portal\/wp-json\/wp\/v2\/categories?post=1480"},{"taxonomy":"post_tag","embeddable":true,"href":"https:\/\/tvc16.com\/portal\/wp-json\/wp\/v2\/tags?post=1480"}],"curies":[{"name":"wp","href":"https:\/\/api.w.org\/{rel}","templated":true}]}}