{"id":14812,"date":"2021-05-22T21:30:35","date_gmt":"2021-05-23T00:30:35","guid":{"rendered":"https:\/\/tvc16.com\/portal\/?p=14812"},"modified":"2021-05-22T21:30:38","modified_gmt":"2021-05-23T00:30:38","slug":"imposto-de-renda-receita-cria-assistente-virtual-para-orientar-preenchimento-da-declaracao","status":"publish","type":"post","link":"https:\/\/tvc16.com\/portal\/2021\/05\/22\/imposto-de-renda-receita-cria-assistente-virtual-para-orientar-preenchimento-da-declaracao\/","title":{"rendered":"Imposto de renda: Receita cria assistente virtual para orientar preenchimento da declara\u00e7\u00e3o"},"content":{"rendered":"\n<p>Prazo para entregar o IRPF acaba no dia 31 de maio<\/p>\n\n\n\n<p>Receita Federal cria assistente virtual para orientar o contribuinte a preencher o Imposto de Renda. A ferramenta foi criada para tirar as d\u00favidas que podem surgir na hora de fazer a declara\u00e7\u00e3o.<\/p>\n\n\n\n<p><strong><a href=\"https:\/\/brasil61.com\/n\/receita-federal-novo-aplicativo-agenda-atendimentos-presenciais-bras215028\">Receita Federal: Novo aplicativo agenda atendimentos presenciais<\/a><\/strong><\/p>\n\n\n\n<p><strong><a href=\"https:\/\/brasil61.com\/n\/18-6-milhoes-de-declaracoes-do-ir-ja-foram-enviadas-a-receita-federal-bras214920\">18,6 milh\u00f5es de declara\u00e7\u00f5es do IR j\u00e1 foram enviadas \u00e0 Receita Federal<\/a><\/strong><\/p>\n\n\n\n<p>O \u00f3rg\u00e3o explica que o assistente virtual usa uma intelig\u00eancia artificial que vai tentar responder diretamente \u00e0 pergunta ou ir\u00e1 direcionar o contribuinte para o menu de assuntos sobre o tema. A Receita tamb\u00e9m informou que, como toda ferramenta que usa essa tecnologia, o assistente virtual precisa de um tempo para aprender as informa\u00e7\u00f5es e isso vai acontecer no dia a dia.<\/p>\n\n\n\n<p>O Assistente Virtual da Receita Federal est\u00e1 dispon\u00edvel nas vers\u00f5es do aplicativo Meu Imposto de Renda para celulares e tablets. Vale ressaltar que o prazo para a entrega da declara\u00e7\u00e3o vai at\u00e9 o dia 31 deste m\u00eas.<\/p>\n\n\n\n<p>Fonte: <a href=\"https:\/\/brasil61.com\/n\/imposto-de-renda-receita-cria-assistente-virtual-para-orientar-preenchimento-da-declaracao-bras215094?email=bethdeoliveira@yahoo.com.br&amp;utm_source=newsletter&amp;utm_medium=newsletter&amp;utm_campaign=newsletter\" target=\"_blank\" rel=\"noreferrer noopener\">Brasil 61<\/a><\/p>\n","protected":false},"excerpt":{"rendered":"<p>Prazo para entregar o IRPF acaba no dia 31 de maio Receita Federal cria assistente<\/p>\n","protected":false},"author":2,"featured_media":14813,"comment_status":"open","ping_status":"open","sticky":false,"template":"","format":"standard","meta":{"footnotes":""},"categories":[17],"tags":[],"class_list":["post-14812","post","type-post","status-publish","format-standard","has-post-thumbnail","hentry","category-outras-noticias"],"_links":{"self":[{"href":"https:\/\/tvc16.com\/portal\/wp-json\/wp\/v2\/posts\/14812","targetHints":{"allow":["GET"]}}],"collection":[{"href":"https:\/\/tvc16.com\/portal\/wp-json\/wp\/v2\/posts"}],"about":[{"href":"https:\/\/tvc16.com\/portal\/wp-json\/wp\/v2\/types\/post"}],"author":[{"embeddable":true,"href":"https:\/\/tvc16.com\/portal\/wp-json\/wp\/v2\/users\/2"}],"replies":[{"embeddable":true,"href":"https:\/\/tvc16.com\/portal\/wp-json\/wp\/v2\/comments?post=14812"}],"version-history":[{"count":1,"href":"https:\/\/tvc16.com\/portal\/wp-json\/wp\/v2\/posts\/14812\/revisions"}],"predecessor-version":[{"id":14814,"href":"https:\/\/tvc16.com\/portal\/wp-json\/wp\/v2\/posts\/14812\/revisions\/14814"}],"wp:featuredmedia":[{"embeddable":true,"href":"https:\/\/tvc16.com\/portal\/wp-json\/wp\/v2\/media\/14813"}],"wp:attachment":[{"href":"https:\/\/tvc16.com\/portal\/wp-json\/wp\/v2\/media?parent=14812"}],"wp:term":[{"taxonomy":"category","embeddable":true,"href":"https:\/\/tvc16.com\/portal\/wp-json\/wp\/v2\/categories?post=14812"},{"taxonomy":"post_tag","embeddable":true,"href":"https:\/\/tvc16.com\/portal\/wp-json\/wp\/v2\/tags?post=14812"}],"curies":[{"name":"wp","href":"https:\/\/api.w.org\/{rel}","templated":true}]}}