{"id":14815,"date":"2021-05-22T21:32:48","date_gmt":"2021-05-23T00:32:48","guid":{"rendered":"https:\/\/tvc16.com\/portal\/?p=14815"},"modified":"2021-05-22T21:32:50","modified_gmt":"2021-05-23T00:32:50","slug":"choque-de-ordem-equipes-de-fiscalizacao-aplicam-duas-multas-e-entregam-duas-intimacoes","status":"publish","type":"post","link":"https:\/\/tvc16.com\/portal\/2021\/05\/22\/choque-de-ordem-equipes-de-fiscalizacao-aplicam-duas-multas-e-entregam-duas-intimacoes\/","title":{"rendered":"Choque de Ordem: equipes de fiscaliza\u00e7\u00e3o aplicam duas multas e entregam duas intima\u00e7\u00f5es"},"content":{"rendered":"\n<p><\/p>\n\n\n\n<p>As equipes de fiscaliza\u00e7\u00e3o da Prefeitura de Petr\u00f3polis e das for\u00e7as de seguran\u00e7a, que promovem a Opera\u00e7\u00e3o Choque de Ordem, emitiram duas multas e duas intima\u00e7\u00f5es para estabelecimentos que funcionavam em desacordo com o decreto municipal que est\u00e1 em vig\u00eancia na noite desta sexta-feira (21).<br>Dois bares no Centro foram multados por descumprirem o hor\u00e1rio de funcionamento permitido por decreto, em fun\u00e7\u00e3o da pandemia. Um deles \u00e9 reincidente e foi flagrado permitindo que pessoas em p\u00e9 na cal\u00e7ada consumissem bebidas no estabelecimento. Caso seja novamente penalizado, poder\u00e1 perder o alvar\u00e1 de funcionamento.<br>As duas intima\u00e7\u00f5es tamb\u00e9m foram expedidas para bares, um localizado no Itamarati e outro no Cascatinha, por desordem e aglomera\u00e7\u00e3o na parte externa e execu\u00e7\u00e3o de show musical sem autoriza\u00e7\u00e3o no alvar\u00e1 de funcionamento.<br>As equipes tamb\u00e9m percorreram outros pontos do munic\u00edpio, iniciando a a\u00e7\u00e3o pela Rua 13 de Maio, onde bares e restaurantes fecharam no hor\u00e1rio estabelecido em decreto. Pequenas aglomera\u00e7\u00f5es foram dispersadas nos arredores da Catedral S\u00e3o Pedro de Alc\u00e2ntara e Pra\u00e7a da Liberdade.<br>Outras localidades tamb\u00e9m foram fiscalizadas, como a Pra\u00e7a Pasteur, Alto da Serra, S\u00e3o Sebasti\u00e3o, Quitandinha, Alto da Derrubada, na Fazenda Inglesa, Jardim Salvador, Cascatinha, Samambaia, Corr\u00eaas, Nogueira e Itaipava.<br>As a\u00e7\u00f5es das for\u00e7as de seguran\u00e7a e dos \u00f3rg\u00e3os de fiscaliza\u00e7\u00e3o da prefeitura v\u00e3o permanecer nos bairros e nos distritos da cidade para que haja o estrito cumprimento do decreto durante sua vig\u00eancia.<\/p>\n","protected":false},"excerpt":{"rendered":"<p>As equipes de fiscaliza\u00e7\u00e3o da Prefeitura de Petr\u00f3polis e das for\u00e7as de seguran\u00e7a, que promovem<\/p>\n","protected":false},"author":2,"featured_media":14816,"comment_status":"open","ping_status":"open","sticky":false,"template":"","format":"standard","meta":{"footnotes":""},"categories":[12],"tags":[],"class_list":["post-14815","post","type-post","status-publish","format-standard","has-post-thumbnail","hentry","category-cidade"],"_links":{"self":[{"href":"https:\/\/tvc16.com\/portal\/wp-json\/wp\/v2\/posts\/14815","targetHints":{"allow":["GET"]}}],"collection":[{"href":"https:\/\/tvc16.com\/portal\/wp-json\/wp\/v2\/posts"}],"about":[{"href":"https:\/\/tvc16.com\/portal\/wp-json\/wp\/v2\/types\/post"}],"author":[{"embeddable":true,"href":"https:\/\/tvc16.com\/portal\/wp-json\/wp\/v2\/users\/2"}],"replies":[{"embeddable":true,"href":"https:\/\/tvc16.com\/portal\/wp-json\/wp\/v2\/comments?post=14815"}],"version-history":[{"count":1,"href":"https:\/\/tvc16.com\/portal\/wp-json\/wp\/v2\/posts\/14815\/revisions"}],"predecessor-version":[{"id":14817,"href":"https:\/\/tvc16.com\/portal\/wp-json\/wp\/v2\/posts\/14815\/revisions\/14817"}],"wp:featuredmedia":[{"embeddable":true,"href":"https:\/\/tvc16.com\/portal\/wp-json\/wp\/v2\/media\/14816"}],"wp:attachment":[{"href":"https:\/\/tvc16.com\/portal\/wp-json\/wp\/v2\/media?parent=14815"}],"wp:term":[{"taxonomy":"category","embeddable":true,"href":"https:\/\/tvc16.com\/portal\/wp-json\/wp\/v2\/categories?post=14815"},{"taxonomy":"post_tag","embeddable":true,"href":"https:\/\/tvc16.com\/portal\/wp-json\/wp\/v2\/tags?post=14815"}],"curies":[{"name":"wp","href":"https:\/\/api.w.org\/{rel}","templated":true}]}}