{"id":14818,"date":"2021-05-22T22:57:24","date_gmt":"2021-05-23T01:57:24","guid":{"rendered":"https:\/\/tvc16.com\/portal\/?p=14818"},"modified":"2021-05-22T22:57:26","modified_gmt":"2021-05-23T01:57:26","slug":"por-covid-19-pode-estar-subestimado-diz-oms","status":"publish","type":"post","link":"https:\/\/tvc16.com\/portal\/2021\/05\/22\/por-covid-19-pode-estar-subestimado-diz-oms\/","title":{"rendered":"por Covid-19 pode estar subestimado, diz OMS"},"content":{"rendered":"\n<p>Cerca de 6 a 8 milh\u00f5es de mortes teriam ocorrido at\u00e9 maio de 2021<\/p>\n\n\n\n<p>Segundo a Organiza\u00e7\u00e3o Mundial da Sa\u00fade (OMS), n\u00fameros oficiais de mortes atribu\u00eddas direta ou indiretamente \u00e0 pandemia da Covid-19 provavelmente est\u00e3o &#8220;significativamente subestimadas&#8221;. Ao apresentar o relat\u00f3rio anual Estat\u00edsticas Mundiais de Sa\u00fade, a OMS estimou que, somente em 2020, o total de mortes na pandemia foi de pelo menos 3 milh\u00f5es, 1,2 milh\u00e3o a mais do que o relatado oficialmente.<\/p>\n\n\n\n<p><strong><a href=\"https:\/\/brasil61.com\/n\/riscometro-mapeamento-de-risco-auxilia-no-retorno-as-aulas-presenciais-bras214926\">Risc\u00f4metro: mapeamento de risco auxilia no retorno \u00e0s aulas presenciais<\/a><\/strong><\/p>\n\n\n\n<p><a href=\"https:\/\/brasil61.com\/n\/ministerio-da-saude-atualiza-plano-nacional-de-vacinacao-contra-a-covid-19-bras215081\"><strong>Minist\u00e9rio da Sa\u00fade atualiza plano nacional de vacina\u00e7\u00e3o contra a Covid-19<\/strong><\/a><\/p>\n\n\n\n<p><a href=\"https:\/\/brasil61.com\/n\/covid-19-oms-aprova-o-uso-emergencial-da-vacina-da-sinopharm-bras214925\"><strong>Covid-19: OMS aprova o uso emergencial da vacina da Sinopharm<\/strong><\/a><\/p>\n\n\n\n<p>At\u00e9 maio de 2021, a Ag\u00eancia das Na\u00e7\u00f5es Unidas estima que cerca de 3,4 milh\u00f5es de pessoas morreram diretamente em consequ\u00eancia da pandemia de Covid-19. Mas segundo Samira Asma, diretora geral assistente da Divis\u00e3o de Dados e An\u00e1lises da OMS, essa estimativa \u00e9 por precau\u00e7\u00e3o e o n\u00famero seria, na verdade, duas a tr\u00eas vezes maior, estimando cerca de 6 milh\u00f5es a 8 milh\u00f5es de mortes.<\/p>\n\n\n\n<p>A estimativa inclui mortes relatadas da Covid-19 quanto \u00e0s mortes indiretas devido \u00e0 falta de capacidade hospitalar e restri\u00e7\u00f5es \u00e0 circula\u00e7\u00e3o, entre outros fatores.<\/p>\n\n\n\n<p>Fonte: <a href=\"https:\/\/brasil61.com\/n\/numero-global-de-mortes-por-covid-19-pode-estar-subestimado-diz-oms-bras215095?email=bethdeoliveira@yahoo.com.br&amp;utm_source=newsletter&amp;utm_medium=newsletter&amp;utm_campaign=newsletter\" target=\"_blank\" rel=\"noreferrer noopener\">Brasil 61<\/a><\/p>\n","protected":false},"excerpt":{"rendered":"<p>Cerca de 6 a 8 milh\u00f5es de mortes teriam ocorrido at\u00e9 maio de 2021 Segundo<\/p>\n","protected":false},"author":2,"featured_media":14819,"comment_status":"open","ping_status":"open","sticky":false,"template":"","format":"standard","meta":{"footnotes":""},"categories":[17],"tags":[],"class_list":["post-14818","post","type-post","status-publish","format-standard","has-post-thumbnail","hentry","category-outras-noticias"],"_links":{"self":[{"href":"https:\/\/tvc16.com\/portal\/wp-json\/wp\/v2\/posts\/14818","targetHints":{"allow":["GET"]}}],"collection":[{"href":"https:\/\/tvc16.com\/portal\/wp-json\/wp\/v2\/posts"}],"about":[{"href":"https:\/\/tvc16.com\/portal\/wp-json\/wp\/v2\/types\/post"}],"author":[{"embeddable":true,"href":"https:\/\/tvc16.com\/portal\/wp-json\/wp\/v2\/users\/2"}],"replies":[{"embeddable":true,"href":"https:\/\/tvc16.com\/portal\/wp-json\/wp\/v2\/comments?post=14818"}],"version-history":[{"count":1,"href":"https:\/\/tvc16.com\/portal\/wp-json\/wp\/v2\/posts\/14818\/revisions"}],"predecessor-version":[{"id":14820,"href":"https:\/\/tvc16.com\/portal\/wp-json\/wp\/v2\/posts\/14818\/revisions\/14820"}],"wp:featuredmedia":[{"embeddable":true,"href":"https:\/\/tvc16.com\/portal\/wp-json\/wp\/v2\/media\/14819"}],"wp:attachment":[{"href":"https:\/\/tvc16.com\/portal\/wp-json\/wp\/v2\/media?parent=14818"}],"wp:term":[{"taxonomy":"category","embeddable":true,"href":"https:\/\/tvc16.com\/portal\/wp-json\/wp\/v2\/categories?post=14818"},{"taxonomy":"post_tag","embeddable":true,"href":"https:\/\/tvc16.com\/portal\/wp-json\/wp\/v2\/tags?post=14818"}],"curies":[{"name":"wp","href":"https:\/\/api.w.org\/{rel}","templated":true}]}}