{"id":14821,"date":"2021-05-22T23:04:50","date_gmt":"2021-05-23T02:04:50","guid":{"rendered":"https:\/\/tvc16.com\/portal\/?p=14821"},"modified":"2021-05-22T23:04:52","modified_gmt":"2021-05-23T02:04:52","slug":"mapa-de-risco-covid-19-estado-do-rio-de-janeiro-esta-em-bandeira-laranja-cenario-epidemiologico-da-pandemia-apresenta-melhora-com-tres-regioes-em-risco-baixo-de-contrair-a-doenca-bandeira-amarela","status":"publish","type":"post","link":"https:\/\/tvc16.com\/portal\/2021\/05\/22\/mapa-de-risco-covid-19-estado-do-rio-de-janeiro-esta-em-bandeira-laranja-cenario-epidemiologico-da-pandemia-apresenta-melhora-com-tres-regioes-em-risco-baixo-de-contrair-a-doenca-bandeira-amarela\/","title":{"rendered":"Mapa de Risco Covid-19: estado do Rio de Janeiro est\u00e1 em bandeira laranja Cen\u00e1rio epidemiol\u00f3gico da pandemia apresenta melhora, com tr\u00eas regi\u00f5es em risco baixo de contrair a doen\u00e7a (bandeira amarela)"},"content":{"rendered":"\n<p>&nbsp;<br>A 31\u00aa edi\u00e7\u00e3o do Mapa de Risco da Covid-19, divulgada nesta sexta-feira (21\/05) pela Secretaria de Estado de Sa\u00fade (SES), mostra que o Estado do Rio de Janeiro est\u00e1 com bandeira laranja (risco moderado de contrair a doen\u00e7a). H\u00e1 melhora do cen\u00e1rio epidemiol\u00f3gico no per\u00edodo analisado, com tr\u00eas regi\u00f5es com bandeira amarela (risco baixo): Norte, que permanece nesta classifica\u00e7\u00e3o; Centro-Sul, que estava antes em bandeira laranja; e Litor\u00e2nea, que estava em bandeira vermelha (risco alto) na \u00faltima divulga\u00e7\u00e3o. As regi\u00f5es Metropolitana I, Ba\u00eda da Ilha Grande e Noroeste permanecem na vermelha. M\u00e9dio Para\u00edba, Serrana e Metropolitana II est\u00e3o em bandeira laranja. A an\u00e1lise compara a semana epidemiol\u00f3gica 18 (2 a 8 de maio) com a 16 (18 a 24 de abril) de 2021.<br>&nbsp;<br>Cada bandeira representa um n\u00edvel de risco e um conjunto de recomenda\u00e7\u00f5es de isolamento social, que variam entre as cores roxa (risco muito alto), vermelha (risco alto), laranja (risco moderado), amarela (risco baixo) e verde (risco muito baixo).<br>&nbsp;<br>O Estado do Rio de Janeiro apresentou uma redu\u00e7\u00e3o de 31% no n\u00famero de \u00f3bitos, e as interna\u00e7\u00f5es por s\u00edndrome respirat\u00f3ria aguda grave (SRAG) ca\u00edram 24% na compara\u00e7\u00e3o entre as semanas epidemiol\u00f3gicas analisadas. As taxas de ocupa\u00e7\u00e3o de leitos no estado, nesta sexta-feira (21), s\u00e3o 84% para leitos de UTI e 64% para leitos de enfermaria.<br>&nbsp;<br>Os resultados apurados para os indicadores apresentados devem auxiliar a tomada de decis\u00e3o, al\u00e9m de informar a necessidade de ado\u00e7\u00e3o de medidas restritivas, conforme o n\u00edvel de risco de cada regi\u00e3o.<br>&nbsp;<br><strong>Tr\u00eas milh\u00f5es de vacinados<\/strong>&nbsp;<\/p>\n\n\n\n<p>O Vacin\u00f4metro da Secretaria de Estado de Sa\u00fade marcou, na quinta-feira (20\/05), tr\u00eas milh\u00f5es de pessoas imunizadas no Estado do Rio de Janeiro.<\/p>\n","protected":false},"excerpt":{"rendered":"<p>&nbsp;A 31\u00aa edi\u00e7\u00e3o do Mapa de Risco da Covid-19, divulgada nesta sexta-feira (21\/05) pela Secretaria<\/p>\n","protected":false},"author":2,"featured_media":14822,"comment_status":"open","ping_status":"open","sticky":false,"template":"","format":"standard","meta":{"footnotes":""},"categories":[17],"tags":[],"class_list":["post-14821","post","type-post","status-publish","format-standard","has-post-thumbnail","hentry","category-outras-noticias"],"_links":{"self":[{"href":"https:\/\/tvc16.com\/portal\/wp-json\/wp\/v2\/posts\/14821","targetHints":{"allow":["GET"]}}],"collection":[{"href":"https:\/\/tvc16.com\/portal\/wp-json\/wp\/v2\/posts"}],"about":[{"href":"https:\/\/tvc16.com\/portal\/wp-json\/wp\/v2\/types\/post"}],"author":[{"embeddable":true,"href":"https:\/\/tvc16.com\/portal\/wp-json\/wp\/v2\/users\/2"}],"replies":[{"embeddable":true,"href":"https:\/\/tvc16.com\/portal\/wp-json\/wp\/v2\/comments?post=14821"}],"version-history":[{"count":1,"href":"https:\/\/tvc16.com\/portal\/wp-json\/wp\/v2\/posts\/14821\/revisions"}],"predecessor-version":[{"id":14823,"href":"https:\/\/tvc16.com\/portal\/wp-json\/wp\/v2\/posts\/14821\/revisions\/14823"}],"wp:featuredmedia":[{"embeddable":true,"href":"https:\/\/tvc16.com\/portal\/wp-json\/wp\/v2\/media\/14822"}],"wp:attachment":[{"href":"https:\/\/tvc16.com\/portal\/wp-json\/wp\/v2\/media?parent=14821"}],"wp:term":[{"taxonomy":"category","embeddable":true,"href":"https:\/\/tvc16.com\/portal\/wp-json\/wp\/v2\/categories?post=14821"},{"taxonomy":"post_tag","embeddable":true,"href":"https:\/\/tvc16.com\/portal\/wp-json\/wp\/v2\/tags?post=14821"}],"curies":[{"name":"wp","href":"https:\/\/api.w.org\/{rel}","templated":true}]}}