{"id":14825,"date":"2021-05-22T23:10:00","date_gmt":"2021-05-23T02:10:00","guid":{"rendered":"https:\/\/tvc16.com\/portal\/?p=14825"},"modified":"2021-05-22T23:10:02","modified_gmt":"2021-05-23T02:10:02","slug":"indicacao-dos-vereadores-yuri-moura-e-junior-coruja-que-solicita-a-vacinacao-itinerante-dos-rodoviarios-e-aprovada","status":"publish","type":"post","link":"https:\/\/tvc16.com\/portal\/2021\/05\/22\/indicacao-dos-vereadores-yuri-moura-e-junior-coruja-que-solicita-a-vacinacao-itinerante-dos-rodoviarios-e-aprovada\/","title":{"rendered":"Indica\u00e7\u00e3o dos vereadores Yuri Moura e Junior Coruja, que solicita a vacina\u00e7\u00e3o itinerante dos rodovi\u00e1rios, \u00e9 aprovada"},"content":{"rendered":"\n<p>A C\u00e2mara Municipal aprovou, a indica\u00e7\u00e3o de autoria dos vereadores Junior Coruja e Yuri Moura, que recomenda a coloca\u00e7\u00e3o de pontos de vacina\u00e7\u00e3o itinerantes nos terminais rodovi\u00e1rios do Bingen, Centro, Corr\u00eaas, Itaipava e Itamarati para a imuniza\u00e7\u00e3o dos trabalhadores do transporte coletivo.<\/p>\n\n\n\n<p>A medida visa facilitar a vacina\u00e7\u00e3o dessa categoria, tendo em vista que a imuniza\u00e7\u00e3o poder\u00e1 ser feita em um breve espa\u00e7o de tempo, entre as trocas das equipes que trabalham nos coletivos. \u201cAl\u00e9m disso, a iniciativa contribuir\u00e1 na fiscaliza\u00e7\u00e3o dos profissionais a serem imunizados, j\u00e1 que facilitar\u00e1 a identifica\u00e7\u00e3o daqueles que comprovam o exerc\u00edcio efetivo da fun\u00e7\u00e3o de trabalhador do transporte coletivo\u201d, comenta Coruja.<\/p>\n\n\n\n<p>J\u00e1 Yuri Moura, refor\u00e7a a import\u00e2ncia e urg\u00eancia da imuniza\u00e7\u00e3o dos rodovi\u00e1rios. \u201cNossa indica\u00e7\u00e3o visa colaborar com a prefeitura para esse processo ser o mais eficiente poss\u00edvel, j\u00e1 que o momento de vacina\u00e7\u00e3o destes trabalhadores se aproxima. A categoria e toda a popula\u00e7\u00e3o precisam de um transporte p\u00fablico mais seguro\u201d, finaliza.<\/p>\n","protected":false},"excerpt":{"rendered":"<p>A C\u00e2mara Municipal aprovou, a indica\u00e7\u00e3o de autoria dos vereadores Junior Coruja e Yuri Moura,<\/p>\n","protected":false},"author":2,"featured_media":14826,"comment_status":"open","ping_status":"open","sticky":false,"template":"","format":"standard","meta":{"footnotes":""},"categories":[12],"tags":[],"class_list":["post-14825","post","type-post","status-publish","format-standard","has-post-thumbnail","hentry","category-cidade"],"_links":{"self":[{"href":"https:\/\/tvc16.com\/portal\/wp-json\/wp\/v2\/posts\/14825","targetHints":{"allow":["GET"]}}],"collection":[{"href":"https:\/\/tvc16.com\/portal\/wp-json\/wp\/v2\/posts"}],"about":[{"href":"https:\/\/tvc16.com\/portal\/wp-json\/wp\/v2\/types\/post"}],"author":[{"embeddable":true,"href":"https:\/\/tvc16.com\/portal\/wp-json\/wp\/v2\/users\/2"}],"replies":[{"embeddable":true,"href":"https:\/\/tvc16.com\/portal\/wp-json\/wp\/v2\/comments?post=14825"}],"version-history":[{"count":1,"href":"https:\/\/tvc16.com\/portal\/wp-json\/wp\/v2\/posts\/14825\/revisions"}],"predecessor-version":[{"id":14827,"href":"https:\/\/tvc16.com\/portal\/wp-json\/wp\/v2\/posts\/14825\/revisions\/14827"}],"wp:featuredmedia":[{"embeddable":true,"href":"https:\/\/tvc16.com\/portal\/wp-json\/wp\/v2\/media\/14826"}],"wp:attachment":[{"href":"https:\/\/tvc16.com\/portal\/wp-json\/wp\/v2\/media?parent=14825"}],"wp:term":[{"taxonomy":"category","embeddable":true,"href":"https:\/\/tvc16.com\/portal\/wp-json\/wp\/v2\/categories?post=14825"},{"taxonomy":"post_tag","embeddable":true,"href":"https:\/\/tvc16.com\/portal\/wp-json\/wp\/v2\/tags?post=14825"}],"curies":[{"name":"wp","href":"https:\/\/api.w.org\/{rel}","templated":true}]}}