{"id":14828,"date":"2021-05-23T09:57:35","date_gmt":"2021-05-23T12:57:35","guid":{"rendered":"https:\/\/tvc16.com\/portal\/?p=14828"},"modified":"2021-05-23T09:57:37","modified_gmt":"2021-05-23T12:57:37","slug":"faetec-vai-distribuir-kit-alimentacao-para-as-familias-vulneraveis","status":"publish","type":"post","link":"https:\/\/tvc16.com\/portal\/2021\/05\/23\/faetec-vai-distribuir-kit-alimentacao-para-as-familias-vulneraveis\/","title":{"rendered":"Faetec vai distribuir kit alimenta\u00e7\u00e3o para as fam\u00edlias vulner\u00e1veis"},"content":{"rendered":"\n<p><br><em>Benef\u00edcio ser\u00e1 oferecido para alunos matriculados na Educa\u00e7\u00e3o B\u00e1sica<br><\/em>\u00a0A partir da pr\u00f3xima semana, a Funda\u00e7\u00e3o de Apoio \u00e0 Escola T\u00e9cnica (Faetec), institui\u00e7\u00e3o vinculada \u00e0 Secretaria de Estado de Ci\u00eancia, Tecnologia e Inova\u00e7\u00e3o (Secti), come\u00e7a a distribuir kit alimenta\u00e7\u00e3o para os estudantes matriculados na Educa\u00e7\u00e3o B\u00e1sica. Mais de 3 mil cestas ser\u00e3o entregues, na primeira remessa, \u00e0s fam\u00edlias cadastradas como hipossuficientes (renda muito baixa).\u00a0&#8211; O objetivo \u00e9 contribuir na seguran\u00e7a alimentar dos alunos at\u00e9 que as aulas presenciais retornem, uma vez que as atividades permanecem remotas como medida de seguran\u00e7a contra a Covid-19. Temos ci\u00eancia da urg\u00eancia que as fam\u00edlias t\u00eam de receber os kits. Por isso, o nosso empenho em oferecer esse benef\u00edcio &#8211; enfatiza Jo\u00e3o Carrilho, presidente da Faetec.\u00a0Ser\u00e3o atendidas prioritariamente as fam\u00edlias inclu\u00eddas no Cadastro \u00danico (Cad\u00danico), utilizado para programas sociais do Governo Federal, como Bolsa Fam\u00edlia. A log\u00edstica de distribui\u00e7\u00e3o ser\u00e1 definida por cada escola, com a convoca\u00e7\u00e3o dos respons\u00e1veis para a retirada das cestas por meio de agendamento, para que n\u00e3o cause aglomera\u00e7\u00e3o e com o distanciamento necess\u00e1rio das pessoas que est\u00e3o no local.\u00a0A depender da quantidade de estudantes atendidos, a a\u00e7\u00e3o poder\u00e1 ser realizada em diferentes dias e turnos. Portanto, nem todas estar\u00e3o entregando os kits no mesmo dia. O kit \u00e9 composto por g\u00eaneros aliment\u00edcios que possam refor\u00e7ar a alimenta\u00e7\u00e3o dos alunos em casa. Cada cesta pesa cerca de 17 quilos e tem 83 itens, entre eles: arroz, feij\u00e3o, leite, \u00f3leo, suco, biscoito e bolo.\u00a0&#8211; A distribui\u00e7\u00e3o desses kits de alimenta\u00e7\u00e3o \u00e9 uma a\u00e7\u00e3o que vai contribuir para minimizar os efeitos sociais e econ\u00f4micos causados pela pandemia. Desse modo, nossos alunos e suas fam\u00edlias ter\u00e3o um importante refor\u00e7o para colocar comida \u00e0 mesa. Esse momento \u00e9 de uni\u00e3o, sobretudo, para ajudar quem mais precisa &#8211; destacou o secret\u00e1rio de Estado de Ci\u00eancia, Tecnologia e Inova\u00e7\u00e3o, Dr. Serginho.<\/p>\n","protected":false},"excerpt":{"rendered":"<p>Benef\u00edcio ser\u00e1 oferecido para alunos matriculados na Educa\u00e7\u00e3o B\u00e1sica\u00a0A partir da pr\u00f3xima semana, a Funda\u00e7\u00e3o<\/p>\n","protected":false},"author":2,"featured_media":14829,"comment_status":"open","ping_status":"open","sticky":false,"template":"","format":"standard","meta":{"footnotes":""},"categories":[17],"tags":[],"class_list":["post-14828","post","type-post","status-publish","format-standard","has-post-thumbnail","hentry","category-outras-noticias"],"_links":{"self":[{"href":"https:\/\/tvc16.com\/portal\/wp-json\/wp\/v2\/posts\/14828","targetHints":{"allow":["GET"]}}],"collection":[{"href":"https:\/\/tvc16.com\/portal\/wp-json\/wp\/v2\/posts"}],"about":[{"href":"https:\/\/tvc16.com\/portal\/wp-json\/wp\/v2\/types\/post"}],"author":[{"embeddable":true,"href":"https:\/\/tvc16.com\/portal\/wp-json\/wp\/v2\/users\/2"}],"replies":[{"embeddable":true,"href":"https:\/\/tvc16.com\/portal\/wp-json\/wp\/v2\/comments?post=14828"}],"version-history":[{"count":1,"href":"https:\/\/tvc16.com\/portal\/wp-json\/wp\/v2\/posts\/14828\/revisions"}],"predecessor-version":[{"id":14830,"href":"https:\/\/tvc16.com\/portal\/wp-json\/wp\/v2\/posts\/14828\/revisions\/14830"}],"wp:featuredmedia":[{"embeddable":true,"href":"https:\/\/tvc16.com\/portal\/wp-json\/wp\/v2\/media\/14829"}],"wp:attachment":[{"href":"https:\/\/tvc16.com\/portal\/wp-json\/wp\/v2\/media?parent=14828"}],"wp:term":[{"taxonomy":"category","embeddable":true,"href":"https:\/\/tvc16.com\/portal\/wp-json\/wp\/v2\/categories?post=14828"},{"taxonomy":"post_tag","embeddable":true,"href":"https:\/\/tvc16.com\/portal\/wp-json\/wp\/v2\/tags?post=14828"}],"curies":[{"name":"wp","href":"https:\/\/api.w.org\/{rel}","templated":true}]}}