{"id":14831,"date":"2021-05-23T10:00:36","date_gmt":"2021-05-23T13:00:36","guid":{"rendered":"https:\/\/tvc16.com\/portal\/?p=14831"},"modified":"2021-05-23T10:00:38","modified_gmt":"2021-05-23T13:00:38","slug":"ucp-abre-vestibular-para-mais-de-20-cursos-de-graduacao","status":"publish","type":"post","link":"https:\/\/tvc16.com\/portal\/2021\/05\/23\/ucp-abre-vestibular-para-mais-de-20-cursos-de-graduacao\/","title":{"rendered":"UCP abre vestibular para mais de 20 cursos de gradua\u00e7\u00e3o"},"content":{"rendered":"\n<p><\/p>\n\n\n\n<p><em>Processo seletivo \u00e9 v\u00e1lido para o segundo semestre deste ano e tamb\u00e9m dar\u00e1 a oportunidade de reserva de vaga para 2022; inscri\u00e7\u00e3o vai at\u00e9 30 de junho<\/em><\/p>\n\n\n\n<p>Reconhecida pelo MEC entre as melhores universidades particulares do Brasil, com nota 4 no \u00cdndice Geral de Cursos, a Universidade Cat\u00f3lica de Petr\u00f3polis (UCP) j\u00e1 est\u00e1 com inscri\u00e7\u00e3o aberta para o vestibular v\u00e1lido para ingresso no segundo semestre. Neste processo seletivo, o candidato conta com uma novidade. Ele j\u00e1 pode realizar a prova agora, que ser\u00e1 on-line e gratuita, e reservar a sua vaga para come\u00e7ar em 2022. O prazo para se inscrever vai at\u00e9 30 de junho e a inscri\u00e7\u00e3o \u00e9 feita no site&nbsp;<a rel=\"noreferrer noopener\" target=\"_blank\" href=\"http:\/\/vestibular.ucp.br\">vestibular.ucp.br<\/a>.<\/p>\n\n\n\n<p>A sele\u00e7\u00e3o \u00e9 para mais de 20 cursos de gradua\u00e7\u00e3o nas mais diversas \u00e1reas, de bacharelados e licenciaturas, com op\u00e7\u00f5es nas modalidades presencial e, tamb\u00e9m, no ensino a dist\u00e2ncia (EAD) em um dos quatro polos da Universidade \u2013 Petr\u00f3polis, Teres\u00f3polis, Nova Friburgo e Mag\u00e9.<\/p>\n\n\n\n<p>Vale lembrar que agora o candidato tem um prazo ampliado para realizar o exame dentro de um dos tr\u00eas per\u00edodos escolhidos de aplica\u00e7\u00e3o da prova \u2013 1\u00ba a 15 de junho; de 16 a 30 de junho; e de 1\u00ba a 15 de julho. Al\u00e9m do vestibular, o candidato conta, ainda, com outras formas de ingresso que podem ser feitas com a nota do Enem, por transfer\u00eancia ou segunda gradua\u00e7\u00e3o. Nestes casos, o prazo de inscri\u00e7\u00e3o \u00e9 de 7 de junho a 31 de julho.<\/p>\n\n\n\n<p>Todas as informa\u00e7\u00f5es sobre cursos de gradua\u00e7\u00e3o, ingresso, inscri\u00e7\u00e3o e vestibular UCP podem ser conferidas no site&nbsp;<a rel=\"noreferrer noopener\" target=\"_blank\" href=\"http:\/\/vestibular.ucp.br\">vestibular.ucp.br<\/a>.<\/p>\n","protected":false},"excerpt":{"rendered":"<p>Processo seletivo \u00e9 v\u00e1lido para o segundo semestre deste ano e tamb\u00e9m dar\u00e1 a oportunidade<\/p>\n","protected":false},"author":2,"featured_media":14832,"comment_status":"open","ping_status":"open","sticky":false,"template":"","format":"standard","meta":{"footnotes":""},"categories":[12],"tags":[],"class_list":["post-14831","post","type-post","status-publish","format-standard","has-post-thumbnail","hentry","category-cidade"],"_links":{"self":[{"href":"https:\/\/tvc16.com\/portal\/wp-json\/wp\/v2\/posts\/14831","targetHints":{"allow":["GET"]}}],"collection":[{"href":"https:\/\/tvc16.com\/portal\/wp-json\/wp\/v2\/posts"}],"about":[{"href":"https:\/\/tvc16.com\/portal\/wp-json\/wp\/v2\/types\/post"}],"author":[{"embeddable":true,"href":"https:\/\/tvc16.com\/portal\/wp-json\/wp\/v2\/users\/2"}],"replies":[{"embeddable":true,"href":"https:\/\/tvc16.com\/portal\/wp-json\/wp\/v2\/comments?post=14831"}],"version-history":[{"count":1,"href":"https:\/\/tvc16.com\/portal\/wp-json\/wp\/v2\/posts\/14831\/revisions"}],"predecessor-version":[{"id":14833,"href":"https:\/\/tvc16.com\/portal\/wp-json\/wp\/v2\/posts\/14831\/revisions\/14833"}],"wp:featuredmedia":[{"embeddable":true,"href":"https:\/\/tvc16.com\/portal\/wp-json\/wp\/v2\/media\/14832"}],"wp:attachment":[{"href":"https:\/\/tvc16.com\/portal\/wp-json\/wp\/v2\/media?parent=14831"}],"wp:term":[{"taxonomy":"category","embeddable":true,"href":"https:\/\/tvc16.com\/portal\/wp-json\/wp\/v2\/categories?post=14831"},{"taxonomy":"post_tag","embeddable":true,"href":"https:\/\/tvc16.com\/portal\/wp-json\/wp\/v2\/tags?post=14831"}],"curies":[{"name":"wp","href":"https:\/\/api.w.org\/{rel}","templated":true}]}}