{"id":14839,"date":"2021-05-23T15:21:29","date_gmt":"2021-05-23T18:21:29","guid":{"rendered":"https:\/\/tvc16.com\/portal\/?p=14839"},"modified":"2021-05-23T15:21:32","modified_gmt":"2021-05-23T18:21:32","slug":"nova-iguacu-inicia-imunizacao-com-pfizer-cidade-segue-vacinando-com-segunda-dose-da-coronavac-sinovac","status":"publish","type":"post","link":"https:\/\/tvc16.com\/portal\/2021\/05\/23\/nova-iguacu-inicia-imunizacao-com-pfizer-cidade-segue-vacinando-com-segunda-dose-da-coronavac-sinovac\/","title":{"rendered":"Nova Igua\u00e7u inicia imuniza\u00e7\u00e3o com Pfizer. Cidade segue vacinando com segunda dose da Coronavac\/Sinovac"},"content":{"rendered":"\n<p><em><em>A primeira dose da vacina AstraZeneca\/Oxford ser\u00e1 aplicada, nesta semana, em pessoas com comorbidades entre 18 e 27 anos, e pessoas com defici\u00eancia definitiva acima de 18 anos<\/em><\/em><br>A vacina\u00e7\u00e3o em Nova Igua\u00e7u ter\u00e1, esta semana, o uso de tr\u00eas imunizantes para combater a Covid-19. A partir desta segunda-feira (24), a cidade passa a aplicar tamb\u00e9m as primeiras doses da vacina da Pfizer, exclusiva para gestantes e pu\u00e9rperas com comorbidades e tamb\u00e9m homens e mulheres com comorbidades. Al\u00e9m disso, a Prefeitura continuar\u00e1 fazendo o refor\u00e7o com a Coronavac\/Sinovac. At\u00e9 quinta-feira (27), receber\u00e1 a imuniza\u00e7\u00e3o completa somente quem tomou a primeira dose entre os dias 15 e 17 de abril. A AstraZeneca\/Oxford tamb\u00e9m segue sendo aplicada nos grupos priorit\u00e1rios.<\/p>\n\n\n\n<p><strong>In\u00edcio da vacina\u00e7\u00e3o com Pfizer<\/strong><br>Devido a necessidade de armazenamento em temperatura diferente das demais, a vacina da Pfizer ser\u00e1 aplicada em apenas tr\u00eas pontos de imuniza\u00e7\u00e3o: Espa\u00e7o Municipal da Terceira Idade de Nova Igua\u00e7u (Esmuti), Cl\u00ednica da Fam\u00edlia Odiceia de Moraes e Centro de atendimento ao deficiente (CAD). O p\u00fablico-alvo poder\u00e1 procurar um destes pontos de segunda a sexta-feira, respeitando a divis\u00e3o de g\u00eanero por hor\u00e1rio: mulheres pela manh\u00e3 e homens \u00e0 tarde.<br><br><strong>Quem receber\u00e1 o imunizante das Pfizer<\/strong><br>&#8211; Gestantes, independente da idade gestacional, e pu\u00e9rperas (mulheres no per\u00edodo p\u00f3s-parto) com comorbidades acima de 18 anos;<br>&#8211; Pessoas entre 18 e 59 com comorbidades.<br>\u00c9 importante respeitar o intervalo de no m\u00ednimo 14 dias entre a vacina Influenza (da gripe) e\/ou outra vacina do calend\u00e1rio de vacina\u00e7\u00e3o da gestante e a vacina contra Covid-19.<br><br><strong>Documenta\u00e7\u00e3o necess\u00e1ria para gestantes e pu\u00e9rperas<\/strong><br>Para serem vacinadas, \u00e9 preciso levar documento de Identidade com foto; CPF ou Cart\u00e3o Nacional de Sa\u00fade e comprovante de resid\u00eancia. Pu\u00e9rperas com at\u00e9 45 dias do p\u00f3s-parto devem apresentar certid\u00e3o de nascimento do beb\u00ea.<br><br><strong>Calend\u00e1rio da vacina\u00e7\u00e3o segunda dose Coronavac\/Sinovac<\/strong><br>A segunda dose da Coronavac\/Sinovac ser\u00e1 aplicada somente em pessoas que receberam a primeira dose da vacina (cart\u00e3o azul) nos dias 15, 16 e 17 de abril. Veja abaixo o calend\u00e1rio de quem pode ser vacinado at\u00e9 quinta-feira (27\/05).<br><strong>&#8211; Segunda (24\/5):<\/strong>&nbsp;somente pessoas que tomaram a primeira dose no dia 15 de abril;<br><strong>&#8211; Ter\u00e7a (25\/5):<\/strong>&nbsp;somente pessoas vacinadas com a primeira dose no dia 16 de abril;<br><strong>&#8211; Quarta (26\/5):<\/strong>&nbsp;somente pessoas vacinadas com a primeira dose no dia 17 de abril;<br><strong>&#8211; Quinta (27\/5):<\/strong>&nbsp;somente pessoas vacinadas com a primeira dose no dia 17 de abril.<br><strong>Hor\u00e1rio de funcionamento: das 8h30 \u00e0s 16h.<\/strong><br><br><strong>Primeira dose da vacina AstraZeneca\/Oxford<\/strong><br>A primeira dose da vacina AstraZeneca\/Oxford ser\u00e1 aplicada, ao longo da semana, em homens e mulheres com comorbidades com idade entre 18 e 27 anos, e pessoas com defici\u00eancia definitiva acima de 18 anos. A segunda dose da AstraZeneca (cart\u00e3o laranja) continuar\u00e1 sendo aplicada conforme agendamento de retorno, respeitando os hor\u00e1rios e divis\u00e3o de g\u00eanero.<\/p>\n\n\n\n<p>Mulheres e homens ser\u00e3o vacinados no mesmo dia com AstraZeneca\/Oxford, de acordo com as idades, por\u00e9m em hor\u00e1rios diferentes. As mulheres ser\u00e3o vacinadas das 8h30 \u00e0s 13h, e os homens das 13h \u00e0s 16h.<br><br><strong>Calend\u00e1rio da vacina\u00e7\u00e3o primeira dose da vacina com AstraZeneca\/Oxford<\/strong><br><strong>&#8211; Segunda (24\/5):<\/strong>&nbsp;pessoas com comorbidades de 26 e 27 anos e defici\u00eancia definitiva acima de 18 anos;<br><strong>&#8211; Ter\u00e7a (25\/5):<\/strong>&nbsp;pessoas com comorbidades de 24 e 25 anos e defici\u00eancia definitiva acima de 18 anos;<br><strong>&#8211; Quarta (26\/5):<\/strong>&nbsp;pessoas com comorbidades de 22 e 23 anos e defici\u00eancia definitiva acima de 18 anos;<br><strong>&#8211; Quinta (27\/05):<\/strong>&nbsp;pessoas com comorbidades de 20 e 21 anos e defici\u00eancia definitiva acima de 18 anos;<br><strong>&#8211; Sexta (28\/05):<\/strong>&nbsp;pessoas com comorbidades de 18 e 19 anos e defici\u00eancia definitiva acima de 18 anos;<br><br><strong>Quem com comorbidades pode ser vacinado<\/strong><br>Pertencentes ao grupo de defici\u00eancias s\u00e3o pessoas com defici\u00eancia f\u00edsica, auditiva, visual, intelectual e transtorno do espectro autista. J\u00e1 aqueles do grupo de comorbidades s\u00e3o os portadores de diabetes, pneumopatias cr\u00f4nicas graves, hipertens\u00e3o arterial grau 3, insufici\u00eancia card\u00edaca, hipertens\u00e3o pulmonar, cardiopatia hipertensiva, s\u00edndromes coronarianas, valvopatias, miocardiopatias, pericardiopatias, arritmias card\u00edacas, cardiopatias cong\u00eanitas no adulto, doen\u00e7a cerebrovascular, doen\u00e7a renal cr\u00f4nica, imunossuprimidos, anemia falciforme, obesidade m\u00f3rbida IMC maior que 30, s\u00edndrome de Down, cirrose hep\u00e1tica, portadores de pr\u00f3teses valvares, portadores de dispositivos card\u00edacos implantados, al\u00e9m de doen\u00e7a da aorta, dos grandes vasos e f\u00edstulas arteriovenosas.<br><br><strong>Repescagem de primeira dose da AstraZeneca\/Oxford<\/strong><br>Os profissionais de sa\u00fade com a idade de 26 anos ou mais, idosos acima de 60 anos e pessoas com comorbidade acima de 28 anos que ainda n\u00e3o se vacinaram devem comparecer a qualquer ponto de vacina\u00e7\u00e3o com os documentos necess\u00e1rios, cumprindo o hor\u00e1rio e separa\u00e7\u00e3o de g\u00eaneros.<br><br><strong>Documentos que devem ser apresentados<\/strong><br>Para serem vacinados, \u00e9 preciso apresentar comprovante assinado por m\u00e9dico, contendo assinatura e registro no conselho de Classe, que demonstre pertencer a um destes grupos de comorbidades e defici\u00eancias; documento de Identidade com foto; CPF ou Cart\u00e3o Nacional de Sa\u00fade; Comprovante de resid\u00eancia e tr\u00eas \u00faltimas receitas, com validade m\u00e1xima de 12 meses. Desde ter\u00e7a-feira (18\/5), todos os atestados de comorbidades est\u00e3o sendo retidos para verifica\u00e7\u00e3o da veracidade do documento.<br><br><strong>Hor\u00e1rio de atendimento nos pontos de vacina\u00e7\u00e3o<\/strong><br>O hor\u00e1rio de funcionamento nos pontos de vacina\u00e7\u00e3o \u00e9 das 8h30 \u00e0s 16h, com exce\u00e7\u00e3o aos s\u00e1bados, que vai at\u00e9 \u00e0s 14h. A lista completa com os endere\u00e7os dos 23 pontos de vacina\u00e7\u00e3o contra a Covid-19 e o calend\u00e1rio de imuniza\u00e7\u00e3o est\u00e1 em:&nbsp;<a rel=\"noreferrer noopener\" target=\"_blank\" href=\"http:\/\/www.novaiguacu.rj.gov.br\/semus\/vacinacao-covid\/calendario\/\">www.novaiguacu.rj.gov.br\/semus\/vacinacao-covid\/calendario\/<\/a><\/p>\n","protected":false},"excerpt":{"rendered":"<p>A primeira dose da vacina AstraZeneca\/Oxford ser\u00e1 aplicada, nesta semana, em pessoas com comorbidades entre<\/p>\n","protected":false},"author":2,"featured_media":14841,"comment_status":"open","ping_status":"open","sticky":false,"template":"","format":"standard","meta":{"footnotes":""},"categories":[17],"tags":[],"class_list":["post-14839","post","type-post","status-publish","format-standard","has-post-thumbnail","hentry","category-outras-noticias"],"_links":{"self":[{"href":"https:\/\/tvc16.com\/portal\/wp-json\/wp\/v2\/posts\/14839","targetHints":{"allow":["GET"]}}],"collection":[{"href":"https:\/\/tvc16.com\/portal\/wp-json\/wp\/v2\/posts"}],"about":[{"href":"https:\/\/tvc16.com\/portal\/wp-json\/wp\/v2\/types\/post"}],"author":[{"embeddable":true,"href":"https:\/\/tvc16.com\/portal\/wp-json\/wp\/v2\/users\/2"}],"replies":[{"embeddable":true,"href":"https:\/\/tvc16.com\/portal\/wp-json\/wp\/v2\/comments?post=14839"}],"version-history":[{"count":1,"href":"https:\/\/tvc16.com\/portal\/wp-json\/wp\/v2\/posts\/14839\/revisions"}],"predecessor-version":[{"id":14842,"href":"https:\/\/tvc16.com\/portal\/wp-json\/wp\/v2\/posts\/14839\/revisions\/14842"}],"wp:featuredmedia":[{"embeddable":true,"href":"https:\/\/tvc16.com\/portal\/wp-json\/wp\/v2\/media\/14841"}],"wp:attachment":[{"href":"https:\/\/tvc16.com\/portal\/wp-json\/wp\/v2\/media?parent=14839"}],"wp:term":[{"taxonomy":"category","embeddable":true,"href":"https:\/\/tvc16.com\/portal\/wp-json\/wp\/v2\/categories?post=14839"},{"taxonomy":"post_tag","embeddable":true,"href":"https:\/\/tvc16.com\/portal\/wp-json\/wp\/v2\/tags?post=14839"}],"curies":[{"name":"wp","href":"https:\/\/api.w.org\/{rel}","templated":true}]}}