{"id":14843,"date":"2021-05-23T15:27:55","date_gmt":"2021-05-23T18:27:55","guid":{"rendered":"https:\/\/tvc16.com\/portal\/?p=14843"},"modified":"2021-05-23T15:27:58","modified_gmt":"2021-05-23T18:27:58","slug":"covid-19-pessoas-com-comorbidades-acima-de-40-anos-comecam-a-ser-vacinadas-na-segunda-feira-24","status":"publish","type":"post","link":"https:\/\/tvc16.com\/portal\/2021\/05\/23\/covid-19-pessoas-com-comorbidades-acima-de-40-anos-comecam-a-ser-vacinadas-na-segunda-feira-24\/","title":{"rendered":"Covid-19: pessoas com comorbidades acima de 40 anos come\u00e7am a ser vacinadas na segunda-feira (24)"},"content":{"rendered":"\n<p><\/p>\n\n\n\n<p>Cadastro ser\u00e1 aberto neste domingo tamb\u00e9m para trabalhadores da Sa\u00fade acima dos 30<\/p>\n\n\n\n<p>A Secretaria de Sa\u00fade inicia nesta segunda-feira (24\/05) a vacina\u00e7\u00e3o contra a covid-19 para pessoas com comorbidades acima dos 40 anos. Trabalhadores da Sa\u00fade tamb\u00e9m ter\u00e3o a faixa et\u00e1ria ampliada, podendo receber a vacina a partir dos 30 anos. Para ser vacinado \u00e9 preciso estar cadastrado no site da prefeitura (www.petropolis.rj.gov.br). O cadastro para estes p\u00fablicos ser\u00e1 aberto neste domingo (23\/05). Com 77.087 pessoas vacinadas com a primeira dose e 33.163, com o esquema de vacina\u00e7\u00e3o completo at\u00e9 sexta-feira (21\/05), Petr\u00f3polis segue com m\u00e9dia de vacina\u00e7\u00e3o superior \u00e0s do Estado do Rio e do Brasil.<\/p>\n\n\n\n<p>\u201cTemos hoje 25,13% dos moradores da cidade que receberam a primeira dose e 10,81% que receberam as duas doses necess\u00e1rias para a imuniza\u00e7\u00e3o, seguimos acima das m\u00e9dias nacional e estadual. A cobertura de pessoas que receberam a segunda dose na cidade tamb\u00e9m \u00e9 superior aos 90% estabelecidos pelo Minist\u00e9rio da Sa\u00fade. Com mais lotes de primeira dose dispon\u00edveis, seguimos avan\u00e7ando. A Secretaria de Sa\u00fade segue trabalhando para que possamos acelerar a vacina\u00e7\u00e3o o mais r\u00e1pido poss\u00edvel, mas sempre com responsabilidade\u201d, destaca o prefeito interino Hingo Hammes.<\/p>\n\n\n\n<p>Em Petr\u00f3polis a Secretaria de Sa\u00fade segue os crit\u00e9rios do Plano Nacional de Imuniza\u00e7\u00e3o do Minist\u00e9rio da Sa\u00fade, com amplia\u00e7\u00e3o de faixas et\u00e1rias sendo feita de acordo com a quantidade de primeiras doses recebidas. Nesta segunda-feira (24\/05) o munic\u00edpio recebe 2.340 doses da vacina Pfizer.<\/p>\n\n\n\n<p>\u201cTemos todo um planejamento, com cadastro e acompanhamento rigoroso dos estoques, para que seja poss\u00edvel ampliar as faixas et\u00e1rias de forma respons\u00e1vel. Com isso, em nenhum momento a vacina\u00e7\u00e3o precisou ser suspensa na cidade e conseguimos garantir que as pessoas vacinadas com a primeira dose tivessem a segunda aplica\u00e7\u00e3o sem qualquer atraso. A chegada do primeiro lote da vacina Pfizer e uma nova orienta\u00e7\u00e3o do Estado, informando que o \u00faltimo lote da AstraZeneca (3.010 doses) j\u00e1 recebido deve ser destinado a aplica\u00e7\u00e3o de primeira dose, permite que possamos avan\u00e7ar e ampliar as faixas et\u00e1rias entre pessoas com comorbidade e trabalhadores da Sa\u00fade\u201d explica o secret\u00e1rio de Sa\u00fade Aloisio Barbosa da Silva Filho, lembrando que a defini\u00e7\u00e3o de p\u00fablico a ser vacinado segue as determina\u00e7\u00f5es do Minist\u00e9rio da Sa\u00fade.<\/p>\n\n\n\n<p>O secret\u00e1rio lembra que a vacina Pfizer tem protocolos diferentes dos imunizantes contra a covid-19 que vem sendo utilizados at\u00e9 o momento \u2013 CoronaVac e AstraZeneca.<\/p>\n\n\n\n<p>A Secretaria de Sa\u00fade est\u00e1 fazendo todo planejamento para que as doses sejam aplicadas at\u00e9 sexta-feira (28\/05). As equipes de vacina\u00e7\u00e3o tamb\u00e9m est\u00e3o sendo orientadas em rela\u00e7\u00e3o ao manuseio e aplica\u00e7\u00e3o desta nova vacina.<\/p>\n\n\n\n<p>\u201c\u00c9 importante que as pessoas saibam que o protocolo desta vacina \u00e9 diferente n\u00e3o apenas em rela\u00e7\u00e3o ao armazenamento em baixas temperaturas, mas tamb\u00e9m quanto ao preparo para a aplica\u00e7\u00e3o. A Pfizer deve ser dilu\u00edda em soro fisiol\u00f3gico e a dose deve ser de 0,3ml &#8211; n\u00e3o 0,5ml como no caso da CoronaVac e AstraZeneca. As equipes de vacina\u00e7\u00e3o j\u00e1 foram orientadas e as pessoas precisam saber destes detalhes e das diferen\u00e7as entre as vacinas\u201d , frisa o Secret\u00e1rio de Sa\u00fade Aloisio Barbosa da Silva Filho.<\/p>\n\n\n\n<p>O intervalo entre a aplica\u00e7\u00e3o da primeira e segunda dose da Pfizer\/BioNTech \u00e9 de 12 semanas \u2013 3 meses, assim como a AstraZeneca.<\/p>\n\n\n\n<p>A vacina Pfizer que ser\u00e1 entregue nesta segunda-feira tem frasco com multidoses. Cada frasco cont\u00e9m, ap\u00f3s a dilui\u00e7\u00e3o, 2,25 ml, a partir dos quais \u00e9 poss\u00edvel obter seis doses. As doses devem ser dilu\u00eddas em soro fisiol\u00f3gico, em temperatura ambiente. Para a aplica\u00e7\u00e3o da Pfizer ser\u00e1 utilizada a seringa de 1ml e cada dose dever\u00e1 conter 0,3ml. A aplica\u00e7\u00e3o deve ser intramuscular, assim como as demais vacinas contra a Covid-19.<\/p>\n\n\n\n<p>Confira quem pode se cadastrar para tomar a vacina contra a covid-19 a partir deste domingo:<\/p>\n\n\n\n<ul class=\"wp-block-list\"><li>Pessoas com comorbidades (listadas no Plano Nacional de Imuniza\u00e7\u00e3o) maiores de 40 anos.<\/li><li>Trabalhadores da Sa\u00fade a partir de 30 anos<\/li><li>Pessoas com s\u00edndrome de down maiores de 18 anos<\/li><li>Pessoas com autismo maiores de 18 anos<\/li><li>Pacientes renais cr\u00f4nicos em di\u00e1lise maiores de 18 anos<\/li><li>Pessoas com defici\u00eancia permanente cadastradas no Programa de Benef\u00edcio de Presta\u00e7\u00e3o Continuada (BPC) com mais de 40 anos.<\/li><li>Idosos com mais de 60 anos<\/li><\/ul>\n\n\n\n<p>*Gestantes e pu\u00e9rperas maiores de 18 anos com comorbidades n\u00e3o precisam de cadastro pra a receber a vacina. Este p\u00fablico est\u00e1 recebendo atualmente a vacina CoronaVac. As primeiras doses do imunizante do Butantan recebidas no ultimo lote que chegou ao munic\u00edpio, devem ser destinadas exclusivamente a este p\u00fablico e est\u00e3o sendo aplicadas em dois pontos da cidade: no campus da UCP Benjamin Constant (Centro) e no Parque Municipal, em Itaipava. Para receber a vacina, al\u00e9m de comprovar o tipo de comorbidade, gestantes e pu\u00e9rperas devem apresentar laudo indicando que est\u00e3o aptas a receber a vacina contra a covid-19.<\/p>\n\n\n\n<p>Em caso de d\u00favidas \u00e9 poss\u00edvel utilizar o Whatsapp da Sa\u00fade, um assistente virtual que fornece informa\u00e7\u00f5es sobre a vacina\u00e7\u00e3o, locais de atendimento a pacientes com sintomas da doen\u00e7a e boletins. H\u00e1, ainda, informa\u00e7\u00f5es sobre a vacina\u00e7\u00e3o contra a gripe. O atendimento est\u00e1 dispon\u00edvel pelo n\u00famero (24) 9.9200-1428.<\/p>\n","protected":false},"excerpt":{"rendered":"<p>Cadastro ser\u00e1 aberto neste domingo tamb\u00e9m para trabalhadores da Sa\u00fade acima dos 30 A Secretaria<\/p>\n","protected":false},"author":2,"featured_media":14844,"comment_status":"open","ping_status":"open","sticky":false,"template":"","format":"standard","meta":{"footnotes":""},"categories":[12],"tags":[],"class_list":["post-14843","post","type-post","status-publish","format-standard","has-post-thumbnail","hentry","category-cidade"],"_links":{"self":[{"href":"https:\/\/tvc16.com\/portal\/wp-json\/wp\/v2\/posts\/14843","targetHints":{"allow":["GET"]}}],"collection":[{"href":"https:\/\/tvc16.com\/portal\/wp-json\/wp\/v2\/posts"}],"about":[{"href":"https:\/\/tvc16.com\/portal\/wp-json\/wp\/v2\/types\/post"}],"author":[{"embeddable":true,"href":"https:\/\/tvc16.com\/portal\/wp-json\/wp\/v2\/users\/2"}],"replies":[{"embeddable":true,"href":"https:\/\/tvc16.com\/portal\/wp-json\/wp\/v2\/comments?post=14843"}],"version-history":[{"count":1,"href":"https:\/\/tvc16.com\/portal\/wp-json\/wp\/v2\/posts\/14843\/revisions"}],"predecessor-version":[{"id":14845,"href":"https:\/\/tvc16.com\/portal\/wp-json\/wp\/v2\/posts\/14843\/revisions\/14845"}],"wp:featuredmedia":[{"embeddable":true,"href":"https:\/\/tvc16.com\/portal\/wp-json\/wp\/v2\/media\/14844"}],"wp:attachment":[{"href":"https:\/\/tvc16.com\/portal\/wp-json\/wp\/v2\/media?parent=14843"}],"wp:term":[{"taxonomy":"category","embeddable":true,"href":"https:\/\/tvc16.com\/portal\/wp-json\/wp\/v2\/categories?post=14843"},{"taxonomy":"post_tag","embeddable":true,"href":"https:\/\/tvc16.com\/portal\/wp-json\/wp\/v2\/tags?post=14843"}],"curies":[{"name":"wp","href":"https:\/\/api.w.org\/{rel}","templated":true}]}}