{"id":14846,"date":"2021-05-23T16:02:50","date_gmt":"2021-05-23T19:02:50","guid":{"rendered":"https:\/\/tvc16.com\/portal\/?p=14846"},"modified":"2021-05-23T16:02:52","modified_gmt":"2021-05-23T19:02:52","slug":"gestantes-vacinadas-com-a-astrazeneca-devem-tomar-segunda-dose-apenas-apos-o-puerperio","status":"publish","type":"post","link":"https:\/\/tvc16.com\/portal\/2021\/05\/23\/gestantes-vacinadas-com-a-astrazeneca-devem-tomar-segunda-dose-apenas-apos-o-puerperio\/","title":{"rendered":"Gestantes vacinadas com a AstraZeneca devem tomar segunda dose apenas ap\u00f3s o puerp\u00e9rio"},"content":{"rendered":"\n<p>A Secretaria de Sa\u00fade est\u00e1 disponibilizando uma linha telef\u00f4nica especifica para orienta\u00e7\u00f5es a gestantes e pu\u00e9rperas com comorbidades que tomaram a vacina AstraZeneca em Petr\u00f3polis. O contato pode ser feito de segunda a sexta-feira das 9h as 16h pelo telefone: 2233-2674. Seguindo a orienta\u00e7\u00e3o da Ag\u00eancia Nacional de Vigil\u00e2ncia Epidemiol\u00f3gica, no dia 11 a aplica\u00e7\u00e3o da vacina AstraZeneca em gestantes e pu\u00e9rperas foi suspensa. No per\u00edodo anterior, entre os dias 6 e 10 de maio, 21 gestantes e 20 pu\u00e9rperas receberam a vacina AstraZeneca.<\/p>\n\n\n\n<p>\u201c\u00c9 importante termos um canal direto para que estas gestantes e pu\u00e9rperas vacinadas com a AstraZeneca possam receber orienta\u00e7\u00f5es, pois muitas tiveram d\u00favidas ao saber da suspens\u00e3o da vacina\u201d, explica o secret\u00e1rio de Sa\u00fade Aloisio Barbosa da Silva Filho, lembrando que \u201cA recomenda\u00e7\u00e3o do Minist\u00e9rio da Sa\u00fade \u00e9 para que as gestantes, assim como as pu\u00e9rperas que receberam a primeira dose da AstraZeneca aguardem para receber a segunda dose do mesmo imunizante somente ap\u00f3s o nascimento do beb\u00ea e cumprido o per\u00edodo do puerp\u00e9rio\u201d, pontua.<\/p>\n\n\n\n<p>Em Petr\u00f3polis, a vacina\u00e7\u00e3o de gestantes e pu\u00e9rperas com comorbidades vem sendo feita com a vacina CoronaVac, nos pontos de vacina\u00e7\u00e3o da UCP campus Benjamin Constant, no Centro, e do Parque Municipal, em Itaipava. No momento, a orienta\u00e7\u00e3o do Minist\u00e9rio da Sa\u00fade \u00e9 de que sejam vacinadas contra a Covid-19 apenas gr\u00e1vidas com comorbidades. Al\u00e9m disso, devem ser utilizados somente os imunizantes Coronavac\/Butantan, ou Pfizer\/Biontech \u2013 esta \u00faltima que chega a cidade na semana que vem.<\/p>\n\n\n\n<p>Gestantes e pu\u00e9rperas com comorbidades n\u00e3o precisam fazer cadastro para a vacina\u00e7\u00e3o, mas devem, segundo a orienta\u00e7\u00e3o do Minist\u00e9rio da Sa\u00fade apresentar laudo m\u00e9dico comprovando o tipo de comorbidade e informando que a mesma est\u00e1 apta a receber a vacina contra a covid-19.<\/p>\n","protected":false},"excerpt":{"rendered":"<p>A Secretaria de Sa\u00fade est\u00e1 disponibilizando uma linha telef\u00f4nica especifica para orienta\u00e7\u00f5es a gestantes e<\/p>\n","protected":false},"author":2,"featured_media":14847,"comment_status":"open","ping_status":"open","sticky":false,"template":"","format":"standard","meta":{"footnotes":""},"categories":[12],"tags":[],"class_list":["post-14846","post","type-post","status-publish","format-standard","has-post-thumbnail","hentry","category-cidade"],"_links":{"self":[{"href":"https:\/\/tvc16.com\/portal\/wp-json\/wp\/v2\/posts\/14846","targetHints":{"allow":["GET"]}}],"collection":[{"href":"https:\/\/tvc16.com\/portal\/wp-json\/wp\/v2\/posts"}],"about":[{"href":"https:\/\/tvc16.com\/portal\/wp-json\/wp\/v2\/types\/post"}],"author":[{"embeddable":true,"href":"https:\/\/tvc16.com\/portal\/wp-json\/wp\/v2\/users\/2"}],"replies":[{"embeddable":true,"href":"https:\/\/tvc16.com\/portal\/wp-json\/wp\/v2\/comments?post=14846"}],"version-history":[{"count":1,"href":"https:\/\/tvc16.com\/portal\/wp-json\/wp\/v2\/posts\/14846\/revisions"}],"predecessor-version":[{"id":14848,"href":"https:\/\/tvc16.com\/portal\/wp-json\/wp\/v2\/posts\/14846\/revisions\/14848"}],"wp:featuredmedia":[{"embeddable":true,"href":"https:\/\/tvc16.com\/portal\/wp-json\/wp\/v2\/media\/14847"}],"wp:attachment":[{"href":"https:\/\/tvc16.com\/portal\/wp-json\/wp\/v2\/media?parent=14846"}],"wp:term":[{"taxonomy":"category","embeddable":true,"href":"https:\/\/tvc16.com\/portal\/wp-json\/wp\/v2\/categories?post=14846"},{"taxonomy":"post_tag","embeddable":true,"href":"https:\/\/tvc16.com\/portal\/wp-json\/wp\/v2\/tags?post=14846"}],"curies":[{"name":"wp","href":"https:\/\/api.w.org\/{rel}","templated":true}]}}