{"id":14849,"date":"2021-05-23T16:07:21","date_gmt":"2021-05-23T19:07:21","guid":{"rendered":"https:\/\/tvc16.com\/portal\/?p=14849"},"modified":"2021-05-23T16:07:23","modified_gmt":"2021-05-23T19:07:23","slug":"estado-de-sp-tera-mutirao-de-testes-gratuitos-de-paternidade","status":"publish","type":"post","link":"https:\/\/tvc16.com\/portal\/2021\/05\/23\/estado-de-sp-tera-mutirao-de-testes-gratuitos-de-paternidade\/","title":{"rendered":"Estado de SP ter\u00e1 mutir\u00e3o de testes gratuitos de paternidade"},"content":{"rendered":"\n<h2 class=\"wp-block-heading\"><\/h2>\n\n\n\n<h3 class=\"wp-block-heading\">Testagem come\u00e7a no dia 1\u00b0 de junho<\/h3>\n\n\n\n<h3 class=\"wp-block-heading\"> <\/h3>\n\n\n\n<p>O Instituto de Medicina Social e de Criminologia de S\u00e3o Paulo (Imesc), em parceria com a Secretaria da Justi\u00e7a e Cidadania do estado e o Centro de Integra\u00e7\u00e3o da Cidadania (CIC), realizar\u00e3o, no estado de S\u00e3o Paulo, um mutir\u00e3o de testes de paternidade a partir do pr\u00f3ximo dia 1\u00ba, at\u00e9&nbsp;7 de julho. Ao todo, ser\u00e3o 400 testes disponibilizados. O servi\u00e7o \u00e9 gratuito.<img decoding=\"async\" src=\"https:\/\/agenciabrasil.ebc.com.br\/ebc.png?id=1410508&amp;o=node\"><img decoding=\"async\" src=\"https:\/\/agenciabrasil.ebc.com.br\/ebc.gif?id=1410508&amp;o=node\"><\/p>\n\n\n\n<p>As pessoas interessadas dever\u00e3o ir at\u00e9 uma das unidades do Centro de Integra\u00e7\u00e3o da Cidadania (CIC). A lista com os endere\u00e7os e telefones das unidades por ser acessado&nbsp;<a href=\"https:\/\/justica.sp.gov.br\/index.php\/coordenacoes-e-programas\/integracao-da-cidadania-cic\/postos-cic\/\" target=\"_blank\" rel=\"noreferrer noopener\">aqui<\/a>.<\/p>\n\n\n\n<p>\u201cO mais importante nesta a\u00e7\u00e3o \u00e9 que todas as etapas ocorrer\u00e3o nos pr\u00f3prios CICs. \u00c9 necess\u00e1rio que todos os envolvidos como o filho ou filha, a m\u00e3e e o suposto pai estejam de acordo com a realiza\u00e7\u00e3o do exame e se comprometam a comparecer juntos na data designada para a coleta\u201d, destaca Fernando Jos\u00e9 da Costa, secret\u00e1rio de Justi\u00e7a e superintendente interino do Imesc.<\/p>\n\n\n\n<p>Por Bruno Bocchini &#8211; Rep\u00f3rter da Ag\u00eancia Brasil<\/p>\n\n\n\n<p>Edi\u00e7\u00e3o: Claudia Felczak<\/p>\n","protected":false},"excerpt":{"rendered":"<p>Testagem come\u00e7a no dia 1\u00b0 de junho O Instituto de Medicina Social e de Criminologia<\/p>\n","protected":false},"author":2,"featured_media":14850,"comment_status":"open","ping_status":"open","sticky":false,"template":"","format":"standard","meta":{"footnotes":""},"categories":[17],"tags":[],"class_list":["post-14849","post","type-post","status-publish","format-standard","has-post-thumbnail","hentry","category-outras-noticias"],"_links":{"self":[{"href":"https:\/\/tvc16.com\/portal\/wp-json\/wp\/v2\/posts\/14849","targetHints":{"allow":["GET"]}}],"collection":[{"href":"https:\/\/tvc16.com\/portal\/wp-json\/wp\/v2\/posts"}],"about":[{"href":"https:\/\/tvc16.com\/portal\/wp-json\/wp\/v2\/types\/post"}],"author":[{"embeddable":true,"href":"https:\/\/tvc16.com\/portal\/wp-json\/wp\/v2\/users\/2"}],"replies":[{"embeddable":true,"href":"https:\/\/tvc16.com\/portal\/wp-json\/wp\/v2\/comments?post=14849"}],"version-history":[{"count":1,"href":"https:\/\/tvc16.com\/portal\/wp-json\/wp\/v2\/posts\/14849\/revisions"}],"predecessor-version":[{"id":14851,"href":"https:\/\/tvc16.com\/portal\/wp-json\/wp\/v2\/posts\/14849\/revisions\/14851"}],"wp:featuredmedia":[{"embeddable":true,"href":"https:\/\/tvc16.com\/portal\/wp-json\/wp\/v2\/media\/14850"}],"wp:attachment":[{"href":"https:\/\/tvc16.com\/portal\/wp-json\/wp\/v2\/media?parent=14849"}],"wp:term":[{"taxonomy":"category","embeddable":true,"href":"https:\/\/tvc16.com\/portal\/wp-json\/wp\/v2\/categories?post=14849"},{"taxonomy":"post_tag","embeddable":true,"href":"https:\/\/tvc16.com\/portal\/wp-json\/wp\/v2\/tags?post=14849"}],"curies":[{"name":"wp","href":"https:\/\/api.w.org\/{rel}","templated":true}]}}