{"id":14858,"date":"2021-05-24T09:54:54","date_gmt":"2021-05-24T12:54:54","guid":{"rendered":"https:\/\/tvc16.com\/portal\/?p=14858"},"modified":"2021-05-24T09:57:09","modified_gmt":"2021-05-24T12:57:09","slug":"como-deduzir-gastos-com-educacao-no-ir","status":"publish","type":"post","link":"https:\/\/tvc16.com\/portal\/2021\/05\/24\/como-deduzir-gastos-com-educacao-no-ir\/","title":{"rendered":"Como deduzir gastos com educa\u00e7\u00e3o no IR"},"content":{"rendered":"\n<h3 class=\"wp-block-heading\">Cursos n\u00e3o oficiais, como idiomas e refor\u00e7o escolar, ficam de fora<\/h3>\n\n\n\n<h4 class=\"wp-block-heading\">Por Wellton M\u00e1ximo &#8211; Rep\u00f3rter da Ag\u00eancia Brasil &#8211; Bras\u00edlia<\/h4>\n\n\n\n<p>A poucos dias do fim do prazo de entrega da Declara\u00e7\u00e3o do Imposto de Renda Pessoa F\u00edsica, uma das principais ferramentas que permite aumentar a restitui\u00e7\u00e3o ou reduzir o imposto exige a aten\u00e7\u00e3o do contribuinte. Limitada a R$ 3.561,50 por ano e sem direito a parcela mensal, a dedu\u00e7\u00e3o de gastos com educa\u00e7\u00e3o exige cuidados com a jun\u00e7\u00e3o de documentos e com o tipo de curso que pode ser declarado.<img decoding=\"async\" src=\"https:\/\/agenciabrasil.ebc.com.br\/ebc.png?id=1410536&amp;o=node\"><img decoding=\"async\" src=\"https:\/\/agenciabrasil.ebc.com.br\/ebc.gif?id=1410536&amp;o=node\"><\/p>\n\n\n\n<p>Segundo a Receita Federal, somente cursos oficiais entram na declara\u00e7\u00e3o do Imposto de Renda. Dessa forma,&nbsp;gastos com creche, ensino infantil, fundamental, m\u00e9dio e ensino superior podem ser deduzidos. O superior inclui cursos de gradua\u00e7\u00e3o, especializa\u00e7\u00e3o, mestrado e doutorado.<\/p>\n\n\n\n<p>Tamb\u00e9m d\u00e3o desconto na declara\u00e7\u00e3o cursos de educa\u00e7\u00e3o profissional. Podem ser declarados os de ensino t\u00e9cnico, que abrangem habilita\u00e7\u00e3o profissional a alunos matriculados ou sa\u00eddos do ensino m\u00e9dio, e cursos tecnol\u00f3gicos, de n\u00edvel superior.<\/p>\n\n\n\n<p>Outros gastos importantes para a forma\u00e7\u00e3o educacional e profissional n\u00e3o podem ser deduzidos. Cursos de idioma, de inform\u00e1tica, pr\u00e9-vestibulares ou preparat\u00f3rio para concursos p\u00fablicos n\u00e3o entram na declara\u00e7\u00e3o, assim como cursos de refor\u00e7o escolar e aulas particulares. Pela legisla\u00e7\u00e3o, essas atividades s\u00e3o definidas como cursos livres e n\u00e3o d\u00e3o direito a abatimento do Imposto de Renda.<\/p>\n\n\n\n<p>Cursos esportivos e de dan\u00e7a tamb\u00e9m est\u00e3o fora da declara\u00e7\u00e3o. Embora consumam parte significativa do or\u00e7amento&nbsp;dom\u00e9stico, principalmente no in\u00edcio de ano letivo, gastos com livros, materiais escolares e uniformes escolares est\u00e3o fora da declara\u00e7\u00e3o. A compra de material para elabora\u00e7\u00e3o de monografias ou trabalho de conclus\u00e3o de cursos superiores n\u00e3o podem ser inclu\u00eddas na lista de dedu\u00e7\u00f5es.<\/p>\n\n\n\n<h2 class=\"wp-block-heading\">Dependentes<\/h2>\n\n\n\n<p>Se o casal declarar&nbsp;Imposto de Renda separadamente, cada c\u00f4njuge s\u00f3 pode deduzir as despesas com educa\u00e7\u00e3o de dependentes e alimentandos (recebedores de pens\u00e3o aliment\u00edcia) indicados na pr\u00f3pria declara\u00e7\u00e3o. O&nbsp;sistema impede a dedu\u00e7\u00e3o dupla nesses casos porque o contribuinte deve, primeiramente, incluir todos os dependentes e alimentandos no formul\u00e1rio, antes de informar os gastos com instru\u00e7\u00e3o.<\/p>\n\n\n\n<p>Ao abrir a ficha \u201cPagamentos Efetuados\u201d, o declarante escolhe o c\u00f3digo \u201c1 \u2013 Instru\u00e7\u00e3o no Brasil\u201d. \u00c9 necess\u00e1rio abrir um novo campo para cada institui\u00e7\u00e3o de ensino informada. Ap\u00f3s esse passo, o contribuinte deve informar se o gasto corresponde ao titular, a dependente ou alimentando.<\/p>\n\n\n\n<h2 class=\"wp-block-heading\">Valores<\/h2>\n\n\n\n<p>Embora a dedu\u00e7\u00e3o com educa\u00e7\u00e3o seja limitada, o contribuinte deve informar a quantia total desembolsada, mesmo que seja superior ao valor m\u00e1ximo de abatimento. Isso porque a Receita Federal compara o total gasto pelo contribuinte com as receitas declaradas pelas institui\u00e7\u00f5es de ensino.<\/p>\n\n\n\n<p>Como cada campo exige o preenchimento do nome e o Cadastro Nacional de Pessoa&nbsp;Jur\u00eddica&nbsp;(CNPJ) da institui\u00e7\u00e3o de ensino, o contribuinte deve guardar recibos, comprovantes e notas fiscais para evitar erros de identifica\u00e7\u00e3o e de valores. Essa documenta\u00e7\u00e3o representa a \u00fanica defesa do declarante, caso caia na malha fina.<\/p>\n\n\n\n<p>Edi\u00e7\u00e3o: Gra\u00e7a Adjuto<\/p>\n","protected":false},"excerpt":{"rendered":"<p>Cursos n\u00e3o oficiais, como idiomas e refor\u00e7o escolar, ficam de fora Por Wellton M\u00e1ximo &#8211;<\/p>\n","protected":false},"author":2,"featured_media":14859,"comment_status":"open","ping_status":"open","sticky":false,"template":"","format":"standard","meta":{"footnotes":""},"categories":[17],"tags":[],"class_list":["post-14858","post","type-post","status-publish","format-standard","has-post-thumbnail","hentry","category-outras-noticias"],"_links":{"self":[{"href":"https:\/\/tvc16.com\/portal\/wp-json\/wp\/v2\/posts\/14858","targetHints":{"allow":["GET"]}}],"collection":[{"href":"https:\/\/tvc16.com\/portal\/wp-json\/wp\/v2\/posts"}],"about":[{"href":"https:\/\/tvc16.com\/portal\/wp-json\/wp\/v2\/types\/post"}],"author":[{"embeddable":true,"href":"https:\/\/tvc16.com\/portal\/wp-json\/wp\/v2\/users\/2"}],"replies":[{"embeddable":true,"href":"https:\/\/tvc16.com\/portal\/wp-json\/wp\/v2\/comments?post=14858"}],"version-history":[{"count":1,"href":"https:\/\/tvc16.com\/portal\/wp-json\/wp\/v2\/posts\/14858\/revisions"}],"predecessor-version":[{"id":14860,"href":"https:\/\/tvc16.com\/portal\/wp-json\/wp\/v2\/posts\/14858\/revisions\/14860"}],"wp:featuredmedia":[{"embeddable":true,"href":"https:\/\/tvc16.com\/portal\/wp-json\/wp\/v2\/media\/14859"}],"wp:attachment":[{"href":"https:\/\/tvc16.com\/portal\/wp-json\/wp\/v2\/media?parent=14858"}],"wp:term":[{"taxonomy":"category","embeddable":true,"href":"https:\/\/tvc16.com\/portal\/wp-json\/wp\/v2\/categories?post=14858"},{"taxonomy":"post_tag","embeddable":true,"href":"https:\/\/tvc16.com\/portal\/wp-json\/wp\/v2\/tags?post=14858"}],"curies":[{"name":"wp","href":"https:\/\/api.w.org\/{rel}","templated":true}]}}