{"id":1486,"date":"2020-09-28T15:33:57","date_gmt":"2020-09-28T15:33:57","guid":{"rendered":"https:\/\/tvc16.com\/portal\/?p=1486"},"modified":"2020-09-28T15:33:57","modified_gmt":"2020-09-28T15:33:57","slug":"homens-sao-presos-apos-roubar-estabelecimento-comercial","status":"publish","type":"post","link":"https:\/\/tvc16.com\/portal\/2020\/09\/28\/homens-sao-presos-apos-roubar-estabelecimento-comercial\/","title":{"rendered":"Homens s\u00e3o presos ap\u00f3s roubar estabelecimento comercial"},"content":{"rendered":"\n<p>No \u00faltimo s\u00e1bado (26), por volta das 17h30, uma funcion\u00e1ria do supermercado Extra, na Rua Teresa, no Centro, foi amea\u00e7ada por dois homens de 31 e 22 anos, que usavam fac\u00f5es. Os acusados, segundo a pol\u00edcia, vivem em situa\u00e7\u00e3o de rua e j\u00e1 tinham furtado diversos produtos do local em outras ocasi\u00f5es. Desta vez, eles levaram duas pe\u00e7as de carne tipo \u201ccora\u00e7\u00e3o de alcatra\u201d no valor de R$ 46,75 e 61,65.<\/p>\n\n\n\n<p>Assim que sa\u00edram do estabelecimento a Pol\u00edcia Militar foi acionada e conseguiu encontrar os suspeitos. Ambos ainda estavam com as facas e com as carnes dentro de uma mochila. Eles foram reconhecidos pela v\u00edtima e levados para a 105\u00aa Delegacia de Pol\u00edcia, no Retiro, onde foram autuados por roubo mediante grave amea\u00e7a e permaneceram presos.<\/p>\n","protected":false},"excerpt":{"rendered":"<p>No \u00faltimo s\u00e1bado (26), por volta das 17h30, uma funcion\u00e1ria do supermercado Extra, na Rua<\/p>\n","protected":false},"author":2,"featured_media":1487,"comment_status":"open","ping_status":"open","sticky":false,"template":"","format":"standard","meta":{"footnotes":""},"categories":[12],"tags":[],"class_list":["post-1486","post","type-post","status-publish","format-standard","has-post-thumbnail","hentry","category-cidade"],"_links":{"self":[{"href":"https:\/\/tvc16.com\/portal\/wp-json\/wp\/v2\/posts\/1486","targetHints":{"allow":["GET"]}}],"collection":[{"href":"https:\/\/tvc16.com\/portal\/wp-json\/wp\/v2\/posts"}],"about":[{"href":"https:\/\/tvc16.com\/portal\/wp-json\/wp\/v2\/types\/post"}],"author":[{"embeddable":true,"href":"https:\/\/tvc16.com\/portal\/wp-json\/wp\/v2\/users\/2"}],"replies":[{"embeddable":true,"href":"https:\/\/tvc16.com\/portal\/wp-json\/wp\/v2\/comments?post=1486"}],"version-history":[{"count":1,"href":"https:\/\/tvc16.com\/portal\/wp-json\/wp\/v2\/posts\/1486\/revisions"}],"predecessor-version":[{"id":1488,"href":"https:\/\/tvc16.com\/portal\/wp-json\/wp\/v2\/posts\/1486\/revisions\/1488"}],"wp:featuredmedia":[{"embeddable":true,"href":"https:\/\/tvc16.com\/portal\/wp-json\/wp\/v2\/media\/1487"}],"wp:attachment":[{"href":"https:\/\/tvc16.com\/portal\/wp-json\/wp\/v2\/media?parent=1486"}],"wp:term":[{"taxonomy":"category","embeddable":true,"href":"https:\/\/tvc16.com\/portal\/wp-json\/wp\/v2\/categories?post=1486"},{"taxonomy":"post_tag","embeddable":true,"href":"https:\/\/tvc16.com\/portal\/wp-json\/wp\/v2\/tags?post=1486"}],"curies":[{"name":"wp","href":"https:\/\/api.w.org\/{rel}","templated":true}]}}