{"id":14861,"date":"2021-05-24T09:59:05","date_gmt":"2021-05-24T12:59:05","guid":{"rendered":"https:\/\/tvc16.com\/portal\/?p=14861"},"modified":"2021-05-24T09:59:07","modified_gmt":"2021-05-24T12:59:07","slug":"comercio-externo-do-brasil-recuou-acima-da-media-mundial-em-2020","status":"publish","type":"post","link":"https:\/\/tvc16.com\/portal\/2021\/05\/24\/comercio-externo-do-brasil-recuou-acima-da-media-mundial-em-2020\/","title":{"rendered":"Com\u00e9rcio externo do Brasil recuou acima da m\u00e9dia mundial em 2020"},"content":{"rendered":"\n<h3 class=\"wp-block-heading\">Entre pa\u00edses do G20, apenas China aumentou trocas no ano passado<\/h3>\n\n\n\n<h4 class=\"wp-block-heading\">Por Wellton M\u00e1ximo &#8211; Rep\u00f3rter da Ag\u00eancia Brasil &#8211; Bras\u00edlia<\/h4>\n\n\n\n<p>A pandemia de covid-19 causou impacto&nbsp;no com\u00e9rcio do Brasil com outros pa\u00edses acima da m\u00e9dia mundial. No ano passado, a corrente de com\u00e9rcio (soma de importa\u00e7\u00f5es e exporta\u00e7\u00f5es) brasileira recuou 8,2%, segundo levantamento da Confedera\u00e7\u00e3o Nacional da Ind\u00fastria (CNI), com base em n\u00fameros recentes da Organiza\u00e7\u00e3o Mundial do Com\u00e9rcio (OMC).<img decoding=\"async\" src=\"https:\/\/agenciabrasil.ebc.com.br\/ebc.png?id=1410537&amp;o=node\"><img decoding=\"async\" src=\"https:\/\/agenciabrasil.ebc.com.br\/ebc.gif?id=1410537&amp;o=node\"><\/p>\n\n\n\n<p>A varia\u00e7\u00e3o supera o encolhimento de 7,6% na corrente de com\u00e9rcio mundial em 2020. Em rela\u00e7\u00e3o aos demais membros do G20 (grupo das 20 maiores economias do planeta), o cen\u00e1rio tamb\u00e9m n\u00e3o \u00e9 melhor para o Brasil. No ano passado, a corrente de com\u00e9rcio entre os membros do grupo diminuiu 8% em rela\u00e7\u00e3o a 2019.<\/p>\n\n\n\n<p>A retra\u00e7\u00e3o na corrente de com\u00e9rcio brasileira resulta da queda de 7% na exporta\u00e7\u00e3o e de 10% na importa\u00e7\u00e3o no ano passado. O recuo nas vendas externas decorre da interrup\u00e7\u00e3o das cadeias de com\u00e9rcio e da queda do com\u00e9rcio internacional, principalmente nos primeiros meses da pandemia. Do lado das importa\u00e7\u00f5es, o principal fator foi a desvaloriza\u00e7\u00e3o do real, que encareceu as mercadorias vindas do exterior.<\/p>\n\n\n\n<p>Apesar da diminui\u00e7\u00e3o do fluxo comercial, o Brasil manteve-se na 27\u00aa posi\u00e7\u00e3o no&nbsp;<em>ranking<\/em>&nbsp;de com\u00e9rcio mundial. No ano passado, o pa\u00eds deteve 1% de participa\u00e7\u00e3o na movimenta\u00e7\u00e3o global de exporta\u00e7\u00f5es e importa\u00e7\u00f5es.<\/p>\n\n\n\n<h2 class=\"wp-block-heading\">Lideran\u00e7a<\/h2>\n\n\n\n<p>Entre os pa\u00edses do G20, a China foi o \u00fanico a registrar crescimento na corrente de com\u00e9rcio em 2020, refletindo a integra\u00e7\u00e3o do pa\u00eds \u00e0s cadeias globais de valor. Com crescimento de 4% nas exporta\u00e7\u00f5es e de 1% nas importa\u00e7\u00f5es, o pa\u00eds registrou uma corrente de US$ 4,6 trilh\u00f5es no ano passado e viu a participa\u00e7\u00e3o no com\u00e9rcio mundial subir de 12% para 13%, mantendo a lideran\u00e7a no&nbsp;<em>ranking<\/em>.<br><br>Em segundo lugar no com\u00e9rcio mundial ficaram os Estados Unidos. Embora a corrente de com\u00e9rcio do pa\u00eds tenha encolhido, o pa\u00eds exportou e importou US$ 3,8 trilh\u00f5es no ano passado e concentrou 11% do com\u00e9rcio mundial. A Alemanha fechou 2020 em terceiro lugar, com 7% do com\u00e9rcio global, e o Jap\u00e3o em quarto, com 4%.<br><br>Em todo o planeta, tamb\u00e9m como reflexo da pandemia, o com\u00e9rcio de bens atingiu em 2020 o menor n\u00edvel desde 2016, tendo toda a sua cadeia de valor afetada. A corrente de com\u00e9rcio somou US$ 35,4 trilh\u00f5es, queda de 7,6% em rela\u00e7\u00e3o a 2019. A exporta\u00e7\u00e3o mundial caiu 7,5%, enquanto a importa\u00e7\u00e3o recuou 7,6%.<\/p>\n\n\n\n<h2 class=\"wp-block-heading\">Perspectivas<\/h2>\n\n\n\n<p>Para melhorar a integra\u00e7\u00e3o do Brasil ao com\u00e9rcio global, a CNI defende pol\u00edticas internas e externas. No plano interno, a entidade recomenda o avan\u00e7o de reformas estruturais, principalmente a tribut\u00e1ria, e a elimina\u00e7\u00e3o de gargalos que elevam o custo Brasil, como a moderniza\u00e7\u00e3o da infraestrutura. No plano externo, a agenda de com\u00e9rcio exterior engloba medidas de desburocratiza\u00e7\u00e3o, redu\u00e7\u00e3o de tarifas, melhoria do financiamento e o fechamento de acordos comerciais para a redu\u00e7\u00e3o de barreiras aos produtos brasileiros no exterior.<\/p>\n\n\n\n<p>De acordo com a CNI, a melhoria das exporta\u00e7\u00f5es brasileiras depende tamb\u00e9m da recupera\u00e7\u00e3o econ\u00f4mica global no p\u00f3s-pandemia. Para a entidade, \u00e9 necess\u00e1rio que os principais parceiros comerciais do Brasil, como os Estados Unidos, a Europa e os demais pa\u00edses da Am\u00e9rica Latina, retomem o crescimento nos pr\u00f3ximos anos.<\/p>\n\n\n\n<p>Edi\u00e7\u00e3o: Gra\u00e7a Adjuto<\/p>\n","protected":false},"excerpt":{"rendered":"<p>Entre pa\u00edses do G20, apenas China aumentou trocas no ano passado Por Wellton M\u00e1ximo &#8211;<\/p>\n","protected":false},"author":2,"featured_media":14862,"comment_status":"open","ping_status":"open","sticky":false,"template":"","format":"standard","meta":{"footnotes":""},"categories":[17],"tags":[],"class_list":["post-14861","post","type-post","status-publish","format-standard","has-post-thumbnail","hentry","category-outras-noticias"],"_links":{"self":[{"href":"https:\/\/tvc16.com\/portal\/wp-json\/wp\/v2\/posts\/14861","targetHints":{"allow":["GET"]}}],"collection":[{"href":"https:\/\/tvc16.com\/portal\/wp-json\/wp\/v2\/posts"}],"about":[{"href":"https:\/\/tvc16.com\/portal\/wp-json\/wp\/v2\/types\/post"}],"author":[{"embeddable":true,"href":"https:\/\/tvc16.com\/portal\/wp-json\/wp\/v2\/users\/2"}],"replies":[{"embeddable":true,"href":"https:\/\/tvc16.com\/portal\/wp-json\/wp\/v2\/comments?post=14861"}],"version-history":[{"count":1,"href":"https:\/\/tvc16.com\/portal\/wp-json\/wp\/v2\/posts\/14861\/revisions"}],"predecessor-version":[{"id":14863,"href":"https:\/\/tvc16.com\/portal\/wp-json\/wp\/v2\/posts\/14861\/revisions\/14863"}],"wp:featuredmedia":[{"embeddable":true,"href":"https:\/\/tvc16.com\/portal\/wp-json\/wp\/v2\/media\/14862"}],"wp:attachment":[{"href":"https:\/\/tvc16.com\/portal\/wp-json\/wp\/v2\/media?parent=14861"}],"wp:term":[{"taxonomy":"category","embeddable":true,"href":"https:\/\/tvc16.com\/portal\/wp-json\/wp\/v2\/categories?post=14861"},{"taxonomy":"post_tag","embeddable":true,"href":"https:\/\/tvc16.com\/portal\/wp-json\/wp\/v2\/tags?post=14861"}],"curies":[{"name":"wp","href":"https:\/\/api.w.org\/{rel}","templated":true}]}}