{"id":14864,"date":"2021-05-24T09:59:58","date_gmt":"2021-05-24T12:59:58","guid":{"rendered":"https:\/\/tvc16.com\/portal\/?p=14864"},"modified":"2021-05-24T10:00:00","modified_gmt":"2021-05-24T13:00:00","slug":"covid-19-profissionais-de-educacao-podem-se-vacinar-no-rio-de-janeiro","status":"publish","type":"post","link":"https:\/\/tvc16.com\/portal\/2021\/05\/24\/covid-19-profissionais-de-educacao-podem-se-vacinar-no-rio-de-janeiro\/","title":{"rendered":"Covid-19: profissionais de educa\u00e7\u00e3o podem se vacinar no Rio de Janeiro"},"content":{"rendered":"\n<h3 class=\"wp-block-heading\">Calend\u00e1rio desta semana come\u00e7a com pessoas de 49 anos ou mais<\/h3>\n\n\n\n<ul class=\"wp-block-list\"><li>Por Akemi Nitahara \u2013 Rep\u00f3rter da Ag\u00eancia Brasil &#8211; Rio de Janeiro<\/li><\/ul>\n\n\n\n<p>Profissionais da educa\u00e7\u00e3o do ensino infantil ao superior, das redes p\u00fablica e privada, podem se vacinar contra a covid-19 na cidade do Rio de Janeiro a partir de hoje (24). A Secretaria Municipal de Sa\u00fade (SMS) havia iniciado a<a href=\"http:\/\/agenciabrasil.ebc.com.br\/saude\/noticia\/2021-04\/covid-19-cidade-do-rio-vacina-hoje-grupos-prioritarios\" target=\"_blank\" rel=\"noreferrer noopener\">&nbsp;imuniza\u00e7\u00e3o<\/a>&nbsp;desse grupo no dia 26 de abril, mas a aplica\u00e7\u00e3o das doses<a href=\"http:\/\/agenciabrasil.ebc.com.br\/saude\/noticia\/2021-05\/rio-suspende-vacinacao-de-profissionais-de-educacao-e-seguranca\" target=\"_blank\" rel=\"noreferrer noopener\">&nbsp;foi suspensa<\/a>&nbsp;no dia 7 de maio, ap\u00f3s o Supremo Tribunal Federal (STF) conceder uma liminar que questionou a antecipa\u00e7\u00e3o da vacina\u00e7\u00e3o de categorias profissionais em rela\u00e7\u00e3o ao Programa Nacional de Imuniza\u00e7\u00e3o (PNI).<img decoding=\"async\" src=\"https:\/\/agenciabrasil.ebc.com.br\/ebc.png?id=1410540&amp;o=node\"><img decoding=\"async\" src=\"https:\/\/agenciabrasil.ebc.com.br\/ebc.gif?id=1410540&amp;o=node\"><\/p>\n\n\n\n<p>Como o munic\u00edpio informou ter reservadas as doses para os grupos com comorbidade listadas no PNI, de pessoas com comorbidades e com defici\u00eancia permanente, ser\u00e1 poss\u00edvel prosseguir com a vacina\u00e7\u00e3o para os profissionais de educa\u00e7\u00e3o.&nbsp;<\/p>\n\n\n\n<p>Segundo a Secretaria Municipal de Educa\u00e7\u00e3o (SME), in\u00fameros profissionais de educa\u00e7\u00e3o, acima de 50 anos da rede p\u00fablica e acima de 52 anos do ensino superior e privado, j\u00e1 receberam a primeira dose.<\/p>\n\n\n\n<p>Foram inclu\u00eddos neste grupo todos os profissionais da educa\u00e7\u00e3o. Al\u00e9m de professores, podem receber a imuniza\u00e7\u00e3o neste momento as merendeiras, diretores, secret\u00e1rios escolares, administrativos e demais trabalhadores terceirizados que atuam nas unidades escolares, como porteiros e faxineiras.&nbsp;<\/p>\n\n\n\n<p>\u00c9 necess\u00e1rio apresentar contracheque ou declara\u00e7\u00e3o comprovando o v\u00ednculo. Hoje, a vacina\u00e7\u00e3o ser\u00e1 para pessoas com 49 anos ou mais, chegando a 45 anos na sexta-feira.<\/p>\n\n\n\n<p>A Secretaria Municipal de Sa\u00fade tamb\u00e9m come\u00e7a a vacinar hoje as pessoas em situa\u00e7\u00e3o de rua, a popula\u00e7\u00e3o privada de liberdade e os funcion\u00e1rios do Sistema de Priva\u00e7\u00e3o de Liberdade. Para os que t\u00eam comorbidades e defici\u00eancia permanente, a previs\u00e3o \u00e9 que sejam atendidos at\u00e9 s\u00e1bado.&nbsp;<\/p>\n\n\n\n<p>Hoje, podem comparecer aos postos pessoas com 34 anos pela manh\u00e3 e com 33 anos na parte da tarde, prosseguindo com esse escalonamento at\u00e9 sexta-feira (28). No s\u00e1bado, \u00e9 a vez das pessoas com comorbidade que tenham entre 24 e 18 anos. Quem perdeu o dia, pode comparecer a qualquer momento esta semana.<\/p>\n\n\n\n<h2 class=\"wp-block-heading\">Vacina\u00e7\u00e3o por idade<\/h2>\n\n\n\n<p>A partir da pr\u00f3xima semana, come\u00e7a a campanha de vacina\u00e7\u00e3o para a popula\u00e7\u00e3o em geral, seguindo o escalonamento por idade. A expectativa da Secretaria Municipal de Sa\u00fade \u00e9 que at\u00e9 o dia 23 de outubro, 90% dos moradores da cidade com 18 anos ou mais tenham recebido a primeira dose contra a covid-19. Na segunda-feira (31), ser\u00e3o vacinadas as mulheres com 59 anos e na ter\u00e7a-feira (1\u00ba) os homens com 59 anos. O calend\u00e1rio completo pode ser consultado na&nbsp;<a href=\"http:\/\/coronavirus.rio\/vacina\" target=\"_blank\" rel=\"noreferrer noopener\">p\u00e1gina<\/a>&nbsp;da prefeitura sobre o coronav\u00edrus.<\/p>\n\n\n\n<p>Segundo a SMS, o cronograma foi planejado de acordo com a previs\u00e3o de envio de vacinas divulgada pelo Minist\u00e9rio da Sa\u00fade.<\/p>\n\n\n\n<p>Edi\u00e7\u00e3o: Kleber Sampaio<\/p>\n","protected":false},"excerpt":{"rendered":"<p>Calend\u00e1rio desta semana come\u00e7a com pessoas de 49 anos ou mais Por Akemi Nitahara \u2013<\/p>\n","protected":false},"author":2,"featured_media":14865,"comment_status":"open","ping_status":"open","sticky":false,"template":"","format":"standard","meta":{"footnotes":""},"categories":[17],"tags":[],"class_list":["post-14864","post","type-post","status-publish","format-standard","has-post-thumbnail","hentry","category-outras-noticias"],"_links":{"self":[{"href":"https:\/\/tvc16.com\/portal\/wp-json\/wp\/v2\/posts\/14864","targetHints":{"allow":["GET"]}}],"collection":[{"href":"https:\/\/tvc16.com\/portal\/wp-json\/wp\/v2\/posts"}],"about":[{"href":"https:\/\/tvc16.com\/portal\/wp-json\/wp\/v2\/types\/post"}],"author":[{"embeddable":true,"href":"https:\/\/tvc16.com\/portal\/wp-json\/wp\/v2\/users\/2"}],"replies":[{"embeddable":true,"href":"https:\/\/tvc16.com\/portal\/wp-json\/wp\/v2\/comments?post=14864"}],"version-history":[{"count":1,"href":"https:\/\/tvc16.com\/portal\/wp-json\/wp\/v2\/posts\/14864\/revisions"}],"predecessor-version":[{"id":14866,"href":"https:\/\/tvc16.com\/portal\/wp-json\/wp\/v2\/posts\/14864\/revisions\/14866"}],"wp:featuredmedia":[{"embeddable":true,"href":"https:\/\/tvc16.com\/portal\/wp-json\/wp\/v2\/media\/14865"}],"wp:attachment":[{"href":"https:\/\/tvc16.com\/portal\/wp-json\/wp\/v2\/media?parent=14864"}],"wp:term":[{"taxonomy":"category","embeddable":true,"href":"https:\/\/tvc16.com\/portal\/wp-json\/wp\/v2\/categories?post=14864"},{"taxonomy":"post_tag","embeddable":true,"href":"https:\/\/tvc16.com\/portal\/wp-json\/wp\/v2\/tags?post=14864"}],"curies":[{"name":"wp","href":"https:\/\/api.w.org\/{rel}","templated":true}]}}