{"id":14867,"date":"2021-05-24T10:00:51","date_gmt":"2021-05-24T13:00:51","guid":{"rendered":"https:\/\/tvc16.com\/portal\/?p=14867"},"modified":"2021-05-24T10:00:54","modified_gmt":"2021-05-24T13:00:54","slug":"diretor-da-oms-pede-que-paises-fornecam-mais-vacinas-a-paises-pobres","status":"publish","type":"post","link":"https:\/\/tvc16.com\/portal\/2021\/05\/24\/diretor-da-oms-pede-que-paises-fornecam-mais-vacinas-a-paises-pobres\/","title":{"rendered":"Diretor da OMS pede que pa\u00edses forne\u00e7am mais vacinas a pa\u00edses pobres"},"content":{"rendered":"\n<h3 class=\"wp-block-heading\">Apelo foi feito na assembleia ministerial da organiza\u00e7\u00e3o<\/h3>\n\n\n\n<h4 class=\"wp-block-heading\">Ag\u00eancia Brasil &#8211; Genebra<\/h4>\n\n\n\n<p>A pandemia de covid-19 est\u00e1 sendo perpetuada por uma &#8220;escandalosa desigualdade&#8221; na distribui\u00e7\u00e3o de vacinas, disse o chefe da Organiza\u00e7\u00e3o Mundial da Sa\u00fade (OMS), Tedros Adhanom Ghebreyesus, nesta segunda-feira (24).<img decoding=\"async\" src=\"https:\/\/agenciabrasil.ebc.com.br\/ebc.png?id=1410542&amp;o=node\"><img decoding=\"async\" src=\"https:\/\/agenciabrasil.ebc.com.br\/ebc.gif?id=1410542&amp;o=node\"><\/p>\n\n\n\n<p>O diretor-geral da OMS pediu, na assembleia ministerial anual da organiza\u00e7\u00e3o, que os pa\u00edses doem vacinas ao programa Covax para imunizar 10% da popula\u00e7\u00e3o de todos os pa\u00edses at\u00e9 setembro e 30% at\u00e9 o fim&nbsp;do ano.<\/p>\n\n\n\n<p>O programa das Na\u00e7\u00f5es Unidas tem o objetivo de garantir que todos os pa\u00edses tenham&nbsp;acesso \u00e0 vacina\u00e7\u00e3o.<\/p>\n\n\n\n<p>Tedros tamb\u00e9m pediu aos fabricantes de vacinas que comprometam 50% de seus volumes com o programa&nbsp;este ano.<\/p>\n\n\n\n<p><em>* Com informa\u00e7\u00f5es de&nbsp;Stephanie Nebehay &#8211; rep\u00f3rter da Reuters.<\/em><\/p>\n","protected":false},"excerpt":{"rendered":"<p>Apelo foi feito na assembleia ministerial da organiza\u00e7\u00e3o Ag\u00eancia Brasil &#8211; Genebra A pandemia de<\/p>\n","protected":false},"author":2,"featured_media":14868,"comment_status":"open","ping_status":"open","sticky":false,"template":"","format":"standard","meta":{"footnotes":""},"categories":[17],"tags":[],"class_list":["post-14867","post","type-post","status-publish","format-standard","has-post-thumbnail","hentry","category-outras-noticias"],"_links":{"self":[{"href":"https:\/\/tvc16.com\/portal\/wp-json\/wp\/v2\/posts\/14867","targetHints":{"allow":["GET"]}}],"collection":[{"href":"https:\/\/tvc16.com\/portal\/wp-json\/wp\/v2\/posts"}],"about":[{"href":"https:\/\/tvc16.com\/portal\/wp-json\/wp\/v2\/types\/post"}],"author":[{"embeddable":true,"href":"https:\/\/tvc16.com\/portal\/wp-json\/wp\/v2\/users\/2"}],"replies":[{"embeddable":true,"href":"https:\/\/tvc16.com\/portal\/wp-json\/wp\/v2\/comments?post=14867"}],"version-history":[{"count":1,"href":"https:\/\/tvc16.com\/portal\/wp-json\/wp\/v2\/posts\/14867\/revisions"}],"predecessor-version":[{"id":14869,"href":"https:\/\/tvc16.com\/portal\/wp-json\/wp\/v2\/posts\/14867\/revisions\/14869"}],"wp:featuredmedia":[{"embeddable":true,"href":"https:\/\/tvc16.com\/portal\/wp-json\/wp\/v2\/media\/14868"}],"wp:attachment":[{"href":"https:\/\/tvc16.com\/portal\/wp-json\/wp\/v2\/media?parent=14867"}],"wp:term":[{"taxonomy":"category","embeddable":true,"href":"https:\/\/tvc16.com\/portal\/wp-json\/wp\/v2\/categories?post=14867"},{"taxonomy":"post_tag","embeddable":true,"href":"https:\/\/tvc16.com\/portal\/wp-json\/wp\/v2\/tags?post=14867"}],"curies":[{"name":"wp","href":"https:\/\/api.w.org\/{rel}","templated":true}]}}