{"id":14873,"date":"2021-05-24T10:34:49","date_gmt":"2021-05-24T13:34:49","guid":{"rendered":"https:\/\/tvc16.com\/portal\/?p=14873"},"modified":"2021-05-24T10:34:51","modified_gmt":"2021-05-24T13:34:51","slug":"sindicato-dos-rodoviarios-segue-em-busca-por-vacinacao-prioritaria-para-trabalhadores-da-categoria","status":"publish","type":"post","link":"https:\/\/tvc16.com\/portal\/2021\/05\/24\/sindicato-dos-rodoviarios-segue-em-busca-por-vacinacao-prioritaria-para-trabalhadores-da-categoria\/","title":{"rendered":"Sindicato dos Rodovi\u00e1rios segue em busca por vacina\u00e7\u00e3o priorit\u00e1ria para trabalhadores da categoria"},"content":{"rendered":"\n<p>Diante da falta de resposta da Prefeitura, institui\u00e7\u00e3o pede apoio a vereador<\/p>\n\n\n\n<p>Na tarde da ultima <strong>quinta-feira<\/strong> (<strong>19<\/strong>), o Secret\u00e1rio <strong>Mauro Lu\u00eds de Almeida<\/strong>, membro da diretoria do <strong>Sindicato dos Trabalhadores em Transportes Rodovi\u00e1rios de Petr\u00f3polis<\/strong> entregou na <strong>C\u00e2mara Municipal de Petr\u00f3polis<\/strong>, localizada \u00e0 Pra\u00e7a Visconde de Mau\u00e1, 89, Centro, <strong>of\u00edcio<\/strong> ao <strong>Vereador Yuri Moura<\/strong>, pedido de apoio e intermedia\u00e7\u00e3o entre o Sindicato Rodovi\u00e1rios e a Secretaria Municipal de Sa\u00fade, com o intuito de que esta avalie a inclus\u00e3o dos rodovi\u00e1rios na lista de prioridade na vacina\u00e7\u00e3o contra o Covid-19.<\/p>\n\n\n\n<p>De acordo com Mauro, que protocolou o oficio na C\u00e2mara, desde o inicio da pandemia o Sindicato dos Trabalhadores em Transportes Rodovi\u00e1rios de Petr\u00f3polis vem trabalhando de forma ativa para que a sociedade entenda o papel dos trabalhadores da categoria e como eles est\u00e3o em situa\u00e7\u00e3o de risco cont\u00ednuo. Ainda de acordo com o membro da diretoria, foi por isso que ainda em mar\u00e7o de 2020, o Sindicato enviou oficio ao Setranspetro &#8211; Sindicato das Empresas de Transportes Rodovi\u00e1rios de Petr\u00f3polis solicitando apoio e cuidado aos trabalhadores, de forma pr\u00e1tica e objetiva.<\/p>\n\n\n\n<p>\u201cMuitas pessoas n\u00e3o avaliam a situa\u00e7\u00e3o da forma correta, mas \u00e9 importante que fique claro que os trabalhadores rodovi\u00e1rios, assim como os trabalhadores de outras categorias, tais como os profissionais de sa\u00fade e os comerci\u00e1rios, principalmente os que atuam em atividades essenciais, como os trabalhadores de supermercados, est\u00e3o no que se chama linha de frente na pandemia. O fato \u00e9 que todos os dias a popula\u00e7\u00e3o se locomove, de um lado para o outro, e o transporte p\u00fablico \u00e9 a grande engrenagem que faz o cidad\u00e3o conseguir estabelecer o seu direito de ir e vir. Pessoas doentes e sintom\u00e1ticas usam o transporte p\u00fablico para irem at\u00e9 o atendimento em sa\u00fade, pessoas assintom\u00e1ticas e contaminadas, usam o transporte p\u00fablico para ir e vir, sem saber que podem estar contaminando outros passageiros e os rodovi\u00e1rios durante o exerc\u00edcio de suas atividades laborais\u201d, ressaltou o Secret\u00e1rio do Sindicato.<\/p>\n\n\n\n<p>No oficio enviado ao gabinete do Vereador Yuri Moura o Sindicato ainda relembrou que sempre esteve em luta pela sa\u00fade do rodovi\u00e1rio, tanto que, em novembro de 2020, a sede do Sindicato dos Trabalhadores em Transportes Rodovi\u00e1rios de Petr\u00f3polis, foi palco de um dia de testagem de Covid-19, aberto para toda a popula\u00e7\u00e3o petropolitana, mas com foco nos trabalhadores rodovi\u00e1rios.<\/p>\n\n\n\n<p>O pedido de vacina\u00e7\u00e3o como prioridade j\u00e1 foi realizado v\u00e1rias vezes pelo Sindicato, mas ap\u00f3s a equipe tomar ci\u00eancia da pesquisa divulgada pela Lagom Data, em abril de 2021, que abordava o aumento em mais de 60% de mortes de trabalhadores da categoria, quando comparado ao mesmo per\u00edodo de 2019, o Sindicato se empenhou ainda mais no contato com a Prefeitura Municipal de Petr\u00f3polis com o intuito de que essa, por meio da Secretaria Municipal de Sa\u00fade, reavaliasse a ordem de vacina\u00e7\u00e3o na cidade e inclu\u00edsse os trabalhadores rodovi\u00e1rios como prioridade.<\/p>\n\n\n\n<p>\u201cDiante da pesquisa veiculada, enviamos oficio \u00e0 Prefeitura Municipal de Petr\u00f3polis solicitando a inclus\u00e3o da categoria na vacina\u00e7\u00e3o emergencial e est\u00e1vamos esperan\u00e7osos que devido ao estudo da Lagom Data, nosso pedido seria avaliado n\u00e3o como um pedido classista, mas com a for\u00e7a de um estudo quantitativo que demonstra de forma clara, a fragilidade da vida dos trabalhadores da categoria diante do momento mundial em sa\u00fade que se vive. Contudo, mesmo diante de todos os nossos esfor\u00e7os nada ocorreu. Fato \u00e9 que ainda estamos no aguardo de uma resposta oficial, por parte da Prefeitura Municipal de Petr\u00f3polis e da Secretaria Municipal de Sa\u00fade. O triste \u00e9 que enquanto aguardamos uma resposta do poder p\u00fablico nossos colegas, companheiros, irm\u00e3os de luta, trabalhadores rodovi\u00e1rios, seguem expostos ao v\u00edrus, \u00e0 contamina\u00e7\u00e3o e diria ainda mais, ao preconceito classista da sociedade\u201d, frisou Mauro.<\/p>\n\n\n\n<p>De acordo com Mauro, foi ent\u00e3o, que ap\u00f3s perceberem que n\u00e3o haveria nenhum tipo de responsta para com o Sindicato, que a diretoria coletivamente decidiu se comunicar com o vereador Yuri Moura, que sempre se colocou a disposi\u00e7\u00e3o nas lutas trabalhadoras. \u201cEstamos, mais uma vez, em busca de vacina\u00e7\u00e3o para os rodovi\u00e1rios, mas, dessa vez, estamos pedindo apoio ao vereador eleito Yuri Moura. Em nome de todos e ao mesmo tempo, de forma individual, em nome de cada trabalhador, em nome da equipe e da diretoria do Sindicato pedimos que o vereador intermedeie um contato real entre a Secretaria Municipal de Sa\u00fade e a Prefeitura Municipal de Petr\u00f3polis para que nosso pedido seja lido, avaliado e deferido\u201d, ponderou Mauro.<\/p>\n\n\n\n<p>Nesse momento, de acordo com o Sindicato, eles se mant\u00eam no aguardo da resposta dos of\u00edcios enviados \u00e0 Prefeitura Municipal de Petr\u00f3polis e agora ao vereador. \u201cNosso intuito nesse momento \u00e9 salvar a vida dos trabalhadores rodovi\u00e1rios por meio dos pedidos e da articula\u00e7\u00e3o com as pessoas que percebemos que entendem e respeitam a nossa luta di\u00e1ria\u201d, finalizou o secret\u00e1rio do Sindicato.<\/p>\n","protected":false},"excerpt":{"rendered":"<p>Diante da falta de resposta da Prefeitura, institui\u00e7\u00e3o pede apoio a vereador Na tarde da<\/p>\n","protected":false},"author":2,"featured_media":14874,"comment_status":"open","ping_status":"open","sticky":false,"template":"","format":"standard","meta":{"footnotes":""},"categories":[12],"tags":[],"class_list":["post-14873","post","type-post","status-publish","format-standard","has-post-thumbnail","hentry","category-cidade"],"_links":{"self":[{"href":"https:\/\/tvc16.com\/portal\/wp-json\/wp\/v2\/posts\/14873","targetHints":{"allow":["GET"]}}],"collection":[{"href":"https:\/\/tvc16.com\/portal\/wp-json\/wp\/v2\/posts"}],"about":[{"href":"https:\/\/tvc16.com\/portal\/wp-json\/wp\/v2\/types\/post"}],"author":[{"embeddable":true,"href":"https:\/\/tvc16.com\/portal\/wp-json\/wp\/v2\/users\/2"}],"replies":[{"embeddable":true,"href":"https:\/\/tvc16.com\/portal\/wp-json\/wp\/v2\/comments?post=14873"}],"version-history":[{"count":1,"href":"https:\/\/tvc16.com\/portal\/wp-json\/wp\/v2\/posts\/14873\/revisions"}],"predecessor-version":[{"id":14875,"href":"https:\/\/tvc16.com\/portal\/wp-json\/wp\/v2\/posts\/14873\/revisions\/14875"}],"wp:featuredmedia":[{"embeddable":true,"href":"https:\/\/tvc16.com\/portal\/wp-json\/wp\/v2\/media\/14874"}],"wp:attachment":[{"href":"https:\/\/tvc16.com\/portal\/wp-json\/wp\/v2\/media?parent=14873"}],"wp:term":[{"taxonomy":"category","embeddable":true,"href":"https:\/\/tvc16.com\/portal\/wp-json\/wp\/v2\/categories?post=14873"},{"taxonomy":"post_tag","embeddable":true,"href":"https:\/\/tvc16.com\/portal\/wp-json\/wp\/v2\/tags?post=14873"}],"curies":[{"name":"wp","href":"https:\/\/api.w.org\/{rel}","templated":true}]}}