{"id":14879,"date":"2021-05-24T10:42:26","date_gmt":"2021-05-24T13:42:26","guid":{"rendered":"https:\/\/tvc16.com\/portal\/?p=14879"},"modified":"2021-05-24T10:42:28","modified_gmt":"2021-05-24T13:42:28","slug":"recadastramento-de-aposentados-e-suspenso-ate-30-de-junho","status":"publish","type":"post","link":"https:\/\/tvc16.com\/portal\/2021\/05\/24\/recadastramento-de-aposentados-e-suspenso-ate-30-de-junho\/","title":{"rendered":"Recadastramento de aposentados \u00e9 suspenso at\u00e9 30 de junho"},"content":{"rendered":"\n<h3 class=\"wp-block-heading\">Est\u00e3o suspensas tamb\u00e9m as visitas t\u00e9cnicas para comprova\u00e7\u00e3o de vida<\/h3>\n\n\n\n<h4 class=\"wp-block-heading\">Por Pedro Peduzzi &#8211; Rep\u00f3rter da Ag\u00eancia Brasil &#8211; Bras\u00edlia<\/h4>\n\n\n\n<p>O Minist\u00e9rio da Economia publicou, no&nbsp;<em>Di\u00e1rio Oficial da Uni\u00e3o<\/em>&nbsp;de&nbsp;hoje&nbsp;(24), uma<a href=\"https:\/\/www.in.gov.br\/en\/web\/dou\/-\/instrucao-normativa-sgp\/sedgg\/me-n-53-de-20-de-maio-de-2021-321518130\" target=\"_blank\" rel=\"noreferrer noopener\">&nbsp;instru\u00e7\u00e3o normativa<\/a>&nbsp;que suspende at\u00e9&nbsp;30 de junho&nbsp;a exig\u00eancia de recadastramento anual de aposentados, pensionistas e anistiados pol\u00edticos civis.&nbsp;De acordo com a Instru\u00e7\u00e3o Normativa n\u00ba53, est\u00e1 suspensa tamb\u00e9m a realiza\u00e7\u00e3o de visitas t\u00e9cnicas para comprova\u00e7\u00e3o de vida.<img decoding=\"async\" src=\"https:\/\/agenciabrasil.ebc.com.br\/ebc.png?id=1410547&amp;o=node\"><img decoding=\"async\" src=\"https:\/\/agenciabrasil.ebc.com.br\/ebc.gif?id=1410547&amp;o=node\"><\/p>\n\n\n\n<p>A suspens\u00e3o dessa exig\u00eancia \u00e9 uma das medidas de prote\u00e7\u00e3o previstas para o enfrentamento \u00e0 pandemia, entre as orienta\u00e7\u00f5es dirigidas a \u00f3rg\u00e3os e entidades do Sistema de Pessoal da Administra\u00e7\u00e3o P\u00fablica Federal.&nbsp;O Minist\u00e9rio da Economia ressalta que essa suspens\u00e3o n\u00e3o se aplica ao recadastramento de aposentados pensionistas ou anistiados pol\u00edticos cujos pagamentos j\u00e1 estejam suspensos.<\/p>\n\n\n\n<p>Encerrado o prazo citado pela instru\u00e7\u00e3o, os benefici\u00e1rios que tiverem sido dispensados da realiza\u00e7\u00e3o de comprova\u00e7\u00e3o de vida durante o per\u00edodo de suspens\u00e3o \u201cdever\u00e3o realizar o recadastramento anual nos termos de que trata a Portaria n\u00ba 244, de 2020, e a Instru\u00e7\u00e3o Normativa n\u00ba 45, de 2020\u201d, detalha o documento.<\/p>\n\n\n\n<p>As Unidades de Gest\u00e3o de Pessoas dos \u00f3rg\u00e3os do Sistema de Pessoal Civil da Administra\u00e7\u00e3o Federal (SIPEC) poder\u00e3o, durante o per\u00edodo de suspens\u00e3o, receber solicita\u00e7\u00f5es de restabelecimento excepcional dos pagamentos de proventos e pens\u00f5es suspensos dos aposentados, pensionistas ou anistiados pol\u00edtico.<\/p>\n\n\n\n<p>Encerrado o per\u00edodo de suspens\u00e3o da exig\u00eancia de recadastramento, o benefici\u00e1rio dever\u00e1 realizar a comprova\u00e7\u00e3o de vida para continuidade do pagamento de proventos e pens\u00f5es e recebimento de eventuais retroativos.<\/p>\n\n\n\n<p>Edi\u00e7\u00e3o: Maria Claudia<\/p>\n","protected":false},"excerpt":{"rendered":"<p>Est\u00e3o suspensas tamb\u00e9m as visitas t\u00e9cnicas para comprova\u00e7\u00e3o de vida Por Pedro Peduzzi &#8211; Rep\u00f3rter<\/p>\n","protected":false},"author":2,"featured_media":14880,"comment_status":"open","ping_status":"open","sticky":false,"template":"","format":"standard","meta":{"footnotes":""},"categories":[17],"tags":[],"class_list":["post-14879","post","type-post","status-publish","format-standard","has-post-thumbnail","hentry","category-outras-noticias"],"_links":{"self":[{"href":"https:\/\/tvc16.com\/portal\/wp-json\/wp\/v2\/posts\/14879","targetHints":{"allow":["GET"]}}],"collection":[{"href":"https:\/\/tvc16.com\/portal\/wp-json\/wp\/v2\/posts"}],"about":[{"href":"https:\/\/tvc16.com\/portal\/wp-json\/wp\/v2\/types\/post"}],"author":[{"embeddable":true,"href":"https:\/\/tvc16.com\/portal\/wp-json\/wp\/v2\/users\/2"}],"replies":[{"embeddable":true,"href":"https:\/\/tvc16.com\/portal\/wp-json\/wp\/v2\/comments?post=14879"}],"version-history":[{"count":1,"href":"https:\/\/tvc16.com\/portal\/wp-json\/wp\/v2\/posts\/14879\/revisions"}],"predecessor-version":[{"id":14881,"href":"https:\/\/tvc16.com\/portal\/wp-json\/wp\/v2\/posts\/14879\/revisions\/14881"}],"wp:featuredmedia":[{"embeddable":true,"href":"https:\/\/tvc16.com\/portal\/wp-json\/wp\/v2\/media\/14880"}],"wp:attachment":[{"href":"https:\/\/tvc16.com\/portal\/wp-json\/wp\/v2\/media?parent=14879"}],"wp:term":[{"taxonomy":"category","embeddable":true,"href":"https:\/\/tvc16.com\/portal\/wp-json\/wp\/v2\/categories?post=14879"},{"taxonomy":"post_tag","embeddable":true,"href":"https:\/\/tvc16.com\/portal\/wp-json\/wp\/v2\/tags?post=14879"}],"curies":[{"name":"wp","href":"https:\/\/api.w.org\/{rel}","templated":true}]}}