{"id":14882,"date":"2021-05-24T10:43:54","date_gmt":"2021-05-24T13:43:54","guid":{"rendered":"https:\/\/tvc16.com\/portal\/?p=14882"},"modified":"2021-05-24T10:43:56","modified_gmt":"2021-05-24T13:43:56","slug":"governo-fixa-acoes-para-avaliar-importacao-de-produtos-agropecuarios","status":"publish","type":"post","link":"https:\/\/tvc16.com\/portal\/2021\/05\/24\/governo-fixa-acoes-para-avaliar-importacao-de-produtos-agropecuarios\/","title":{"rendered":"Governo fixa a\u00e7\u00f5es para avaliar importa\u00e7\u00e3o de produtos agropecu\u00e1rios"},"content":{"rendered":"\n<h3 class=\"wp-block-heading\">Medida est\u00e1 publicada no Di\u00e1rio Oficial de hoje<\/h3>\n\n\n\n<h4 class=\"wp-block-heading\">Por Ag\u00eancia Brasil &#8211; Bras\u00edlia<\/h4>\n\n\n\n<p>Portaria do Minist\u00e9rio da Agricultura, Pecu\u00e1ria e Abastecimento (Mapa) estabelece procedimentos que dever\u00e3o ser observados para a avalia\u00e7\u00e3o do impacto da abertura do mercado brasileiro para a importa\u00e7\u00e3o de produtos agropecu\u00e1rios.&nbsp;<img decoding=\"async\" src=\"https:\/\/agenciabrasil.ebc.com.br\/ebc.png?id=1410545&amp;o=node\"><img decoding=\"async\" src=\"https:\/\/agenciabrasil.ebc.com.br\/ebc.gif?id=1410545&amp;o=node\"><\/p>\n\n\n\n<p>De acordo com a portaria n\u00ba133, publicada no<a href=\"http:\/\/in.gov.br\/en\/web\/dou\/-\/portaria-n-133-de-19-de-maio-de-2021-321511783\" target=\"_blank\" rel=\"noreferrer noopener\"><em>&nbsp;Di\u00e1rio Oficial<\/em><\/a>&nbsp;de hoje (24), ficar\u00e1 a cargo da Secretaria de Defesa Agropecu\u00e1ria fixar os requisitos sanit\u00e1rios, fitossanit\u00e1rios e de seguran\u00e7a exigidos para a importa\u00e7\u00e3o de produtos agropecu\u00e1rios.&nbsp;<\/p>\n\n\n\n<p>J\u00e1 a Secretaria de Com\u00e9rcio e Rela\u00e7\u00f5es Internacionais ser\u00e1 o \u00f3rg\u00e3o competente para avaliar os impactos econ\u00f4micos e comerciais, bem como os impactos nas rela\u00e7\u00f5es internacionais, decorrentes da abertura do mercado brasileiro para esses produtos.<\/p>\n\n\n\n<h2 class=\"wp-block-heading\">Mercado brasileiro<\/h2>\n\n\n\n<p>A portaria detalha, ainda, a tramita\u00e7\u00e3o dos processos que tratam da &#8220;potencial abertura&#8221; do mercado brasileiro para produtos agropecu\u00e1rios. Ela prev\u00ea que a Secretaria de Defesa Agropecu\u00e1ria encaminhe \u00e0 Secretaria de Com\u00e9rcio e Rela\u00e7\u00f5es Internacionais \u2013 por meio do Sistema Eletr\u00f4nico de Informa\u00e7\u00f5es ou outro sistema eletr\u00f4nico oficial em vigor \u2013 os processos com a conclus\u00e3o das discuss\u00f5es t\u00e9cnicas e a decis\u00e3o sobre requisitos sanit\u00e1rios, fitossanit\u00e1rios e de seguran\u00e7a que ser\u00e3o estabelecidos para abertura do mercado do Brasil para produtos agropecu\u00e1rios importados.<\/p>\n\n\n\n<p>A Secretaria de Com\u00e9rcio e Rela\u00e7\u00f5es Internacionais promover\u00e1 a avalia\u00e7\u00e3o dos impactos econ\u00f4micos e comerciais e nas rela\u00e7\u00f5es internacionais dos processos encaminhados pela Secretaria de Defesa Agropecu\u00e1ria.<\/p>\n\n\n\n<p>Ap\u00f3s a manifesta\u00e7\u00e3o da Secretaria de Com\u00e9rcio, a Secretaria de Defesa Agropecu\u00e1ria dar\u00e1 sequ\u00eancia \u00e0 publica\u00e7\u00e3o dos atos de defini\u00e7\u00e3o dos requisitos sanit\u00e1rios, fitossanit\u00e1rios e de seguran\u00e7a a serem estabelecidos para abertura do mercado de produtos agropecu\u00e1rios para importa\u00e7\u00e3o para o Brasil.<\/p>\n\n\n\n<p>Edi\u00e7\u00e3o: Kleber Sampaio<\/p>\n","protected":false},"excerpt":{"rendered":"<p>Medida est\u00e1 publicada no Di\u00e1rio Oficial de hoje Por Ag\u00eancia Brasil &#8211; Bras\u00edlia Portaria do<\/p>\n","protected":false},"author":2,"featured_media":14883,"comment_status":"open","ping_status":"open","sticky":false,"template":"","format":"standard","meta":{"footnotes":""},"categories":[17],"tags":[],"class_list":["post-14882","post","type-post","status-publish","format-standard","has-post-thumbnail","hentry","category-outras-noticias"],"_links":{"self":[{"href":"https:\/\/tvc16.com\/portal\/wp-json\/wp\/v2\/posts\/14882","targetHints":{"allow":["GET"]}}],"collection":[{"href":"https:\/\/tvc16.com\/portal\/wp-json\/wp\/v2\/posts"}],"about":[{"href":"https:\/\/tvc16.com\/portal\/wp-json\/wp\/v2\/types\/post"}],"author":[{"embeddable":true,"href":"https:\/\/tvc16.com\/portal\/wp-json\/wp\/v2\/users\/2"}],"replies":[{"embeddable":true,"href":"https:\/\/tvc16.com\/portal\/wp-json\/wp\/v2\/comments?post=14882"}],"version-history":[{"count":1,"href":"https:\/\/tvc16.com\/portal\/wp-json\/wp\/v2\/posts\/14882\/revisions"}],"predecessor-version":[{"id":14884,"href":"https:\/\/tvc16.com\/portal\/wp-json\/wp\/v2\/posts\/14882\/revisions\/14884"}],"wp:featuredmedia":[{"embeddable":true,"href":"https:\/\/tvc16.com\/portal\/wp-json\/wp\/v2\/media\/14883"}],"wp:attachment":[{"href":"https:\/\/tvc16.com\/portal\/wp-json\/wp\/v2\/media?parent=14882"}],"wp:term":[{"taxonomy":"category","embeddable":true,"href":"https:\/\/tvc16.com\/portal\/wp-json\/wp\/v2\/categories?post=14882"},{"taxonomy":"post_tag","embeddable":true,"href":"https:\/\/tvc16.com\/portal\/wp-json\/wp\/v2\/tags?post=14882"}],"curies":[{"name":"wp","href":"https:\/\/api.w.org\/{rel}","templated":true}]}}