{"id":14885,"date":"2021-05-24T10:46:39","date_gmt":"2021-05-24T13:46:39","guid":{"rendered":"https:\/\/tvc16.com\/portal\/?p=14885"},"modified":"2021-05-24T10:46:41","modified_gmt":"2021-05-24T13:46:41","slug":"procon-rj-vai-realizar-mutirao-com-a-enel-e-dividas-poderao-ser-parceladas-sem-entrada","status":"publish","type":"post","link":"https:\/\/tvc16.com\/portal\/2021\/05\/24\/procon-rj-vai-realizar-mutirao-com-a-enel-e-dividas-poderao-ser-parceladas-sem-entrada\/","title":{"rendered":"Procon-RJ vai realizar mutir\u00e3o com a ENEL e d\u00edvidas poder\u00e3o ser parceladas sem entrada"},"content":{"rendered":"\n<p><em>Os consumidores ter\u00e3o a possibilidade de pagar os d\u00e9bitos em at\u00e9 24 vezes sem juros e multa<\/em><\/p>\n\n\n\n<p>Entre os dias 27\/05 e 03\/06, os consumidores residenciais e rurais que estiverem inadimplentes com a concession\u00e1ria de energia Enel h\u00e1 mais de 90 dias, poder\u00e3o participar do Mutir\u00e3o Online do Procon Estadual do Rio de Janeiro. Para se inscrever, basta preencher o formul\u00e1rio atrav\u00e9s do link:&nbsp;<a href=\"https:\/\/forms.gle\/ogiLT5BpE4wPoJfC6\" target=\"_blank\" rel=\"noreferrer noopener\">https:\/\/forms.gle\/ogiLT5BpE4wPoJfC6<\/a>&nbsp;.<\/p>\n\n\n\n<p>\u201cPara ajudar neste momento dif\u00edcil, gerado pela pandemia, fizemos um mutir\u00e3o no in\u00edcio do m\u00eas com a Light, que foi um sucesso de ades\u00e3o dos consumidores. Agora vamos promover o evento online com a Enel e temos certeza que muitos consumidores ser\u00e3o beneficiados\u201d, observou o presidente do Procon-RJ, C\u00e1ssio Coelho.&nbsp;<\/p>\n\n\n\n<p>Atrav\u00e9s de compromisso firmado com o Procon-RJ, a Enel pela primeira vez ir\u00e1 possibilitar que os d\u00e9bitos sejam pagos sem multa, entrada e juros, podendo ainda serem parcelados em at\u00e9 24 vezes sem juros, dependendo do caso. A concession\u00e1ria atua em 65 munic\u00edpios do estado do Rio de Janeiro, atendendo milhares de consumidores e atualmente 1 milh\u00e3o e 200 mil est\u00e3o inadimplentes.<\/p>\n\n\n\n<p>A autarquia tamb\u00e9m recebeu uma indica\u00e7\u00e3o da Alerj solicitando a implanta\u00e7\u00e3o de programa de renegocia\u00e7\u00e3o de d\u00edvidas com a Enel, atrav\u00e9s do gabinete do deputado Rodrigo Bacellar.<\/p>\n\n\n\n<p>As negocia\u00e7\u00f5es do mutir\u00e3o acontecer\u00e3o entre os dias 04 e 18 de junho por interm\u00e9dio de um servidor do Procon que acompanhar\u00e1 como mediador, observando o direito do consumidor e as condi\u00e7\u00f5es do acordo. O evento ser\u00e1 virtual a fim de evitar aglomera\u00e7\u00e3o e propaga\u00e7\u00e3o do coronav\u00edrus, com a participa\u00e7\u00e3o de um servidor do Procon-RJ que atuar\u00e1 como mediador.<\/p>\n\n\n\n<p>Ainda no m\u00eas de junho, acontecer\u00e1 o mutir\u00e3o online com a Naturgy, que ir\u00e1 atender aqueles que est\u00e3o inadimplentes com a concession\u00e1ria h\u00e1 mais de 30 dias. As inscri\u00e7\u00f5es estar\u00e3o abertas entre os dias 01 e 07 de junho. Para participar, basta o consumidor preencher o formul\u00e1rio que foi publicado no site e redes sociais oficiais do Procon-RJ.<\/p>\n","protected":false},"excerpt":{"rendered":"<p>Os consumidores ter\u00e3o a possibilidade de pagar os d\u00e9bitos em at\u00e9 24 vezes sem juros<\/p>\n","protected":false},"author":2,"featured_media":0,"comment_status":"open","ping_status":"open","sticky":false,"template":"","format":"standard","meta":{"footnotes":""},"categories":[12],"tags":[],"class_list":["post-14885","post","type-post","status-publish","format-standard","hentry","category-cidade"],"_links":{"self":[{"href":"https:\/\/tvc16.com\/portal\/wp-json\/wp\/v2\/posts\/14885","targetHints":{"allow":["GET"]}}],"collection":[{"href":"https:\/\/tvc16.com\/portal\/wp-json\/wp\/v2\/posts"}],"about":[{"href":"https:\/\/tvc16.com\/portal\/wp-json\/wp\/v2\/types\/post"}],"author":[{"embeddable":true,"href":"https:\/\/tvc16.com\/portal\/wp-json\/wp\/v2\/users\/2"}],"replies":[{"embeddable":true,"href":"https:\/\/tvc16.com\/portal\/wp-json\/wp\/v2\/comments?post=14885"}],"version-history":[{"count":1,"href":"https:\/\/tvc16.com\/portal\/wp-json\/wp\/v2\/posts\/14885\/revisions"}],"predecessor-version":[{"id":14887,"href":"https:\/\/tvc16.com\/portal\/wp-json\/wp\/v2\/posts\/14885\/revisions\/14887"}],"wp:attachment":[{"href":"https:\/\/tvc16.com\/portal\/wp-json\/wp\/v2\/media?parent=14885"}],"wp:term":[{"taxonomy":"category","embeddable":true,"href":"https:\/\/tvc16.com\/portal\/wp-json\/wp\/v2\/categories?post=14885"},{"taxonomy":"post_tag","embeddable":true,"href":"https:\/\/tvc16.com\/portal\/wp-json\/wp\/v2\/tags?post=14885"}],"curies":[{"name":"wp","href":"https:\/\/api.w.org\/{rel}","templated":true}]}}