{"id":14888,"date":"2021-05-24T12:55:10","date_gmt":"2021-05-24T15:55:10","guid":{"rendered":"https:\/\/tvc16.com\/portal\/?p=14888"},"modified":"2021-05-24T12:55:12","modified_gmt":"2021-05-24T15:55:12","slug":"5a-feira-virtual-de-estagios-e-empregos-oferece-mais-de-100-mil-oportunidades-presenciais-e-remotas","status":"publish","type":"post","link":"https:\/\/tvc16.com\/portal\/2021\/05\/24\/5a-feira-virtual-de-estagios-e-empregos-oferece-mais-de-100-mil-oportunidades-presenciais-e-remotas\/","title":{"rendered":"5\u00aa Feira Virtual de Est\u00e1gios e Empregos oferece mais de 100 mil oportunidades presenciais e remotas"},"content":{"rendered":"\n<p>Somente para o estado do Rio s\u00e3o mais de 15 mil vagas<\/p>\n\n\n\n<p>O evento contar\u00e1 com a participa\u00e7\u00e3o de grandes empresas, al\u00e9m de lives exclusivas sobre carreiras e \u00faltimas tend\u00eancias em processo seletivo online<\/p>\n\n\n\n<p>Come\u00e7a amanh\u00e3, dia 25 e segue at\u00e9 o dia 27 de maio, a 5\u00aa edi\u00e7\u00e3o da Feira Virtual de Est\u00e1gios e Empregos da Est\u00e1cio. Neste ano, ser\u00e3o ofertadas mais de 100 mil vagas em grandes empresas de todo o Brasil, com oportunidades presenciais e remotas. Somente para o estado do Rio s\u00e3o mais de 15 mil vagas.<br>Poder\u00e3o participar alunos, ex-alunos, estudantes de outras institui\u00e7\u00f5es e tamb\u00e9m profissionais que buscam recoloca\u00e7\u00e3o. Para acessar o conte\u00fado, os interessados devem fazer o pr\u00e9-cadastro por meio do link: https:\/\/acesse.estacio.br\/feiravirtual. Durante o evento, ser\u00e1 poss\u00edvel conhecer as carreiras que est\u00e3o em evid\u00eancia, ficar por dentro das tend\u00eancias em processo seletivo on-line e conferir empregos em empresas como a plataforma de oportunidades profissionais, Infojobs, Ita\u00fa, Amazon, Mc Donald\u2019s, Globo, Amil, Positivo, Ambev, Cia de Talentos, entre outras.<br>Al\u00e9m da oportunidade de se candidatar a vagas de est\u00e1gios e empregos efetivos, a 5\u00aa Feira Virtual tamb\u00e9m vai oferecer aos estudantes \u00e0 oportunidade de conversar com profissionais das \u00e1reas de RH das empresas participantes. Durante o bate-papo, eles v\u00e3o conhecer mais detalhes destas companhias, como a cultura e os desafios para os pr\u00f3ximos anos. Em parceria com o programa Jornada para o Futuro da Cia de Talentos, a Est\u00e1cio oferecer\u00e1 de maneira gratuita e exclusiva 12 lives com temas como Diversidade, Desenvolvimento, Conex\u00e3o e Tecnologia. Confira a programa\u00e7\u00e3o abaixo.<br>\u201cO mercado nacional ainda est\u00e1 num momento muito delicado no que diz respeito \u00e0 renda e empregos, a feira virtual ser\u00e1 um excelente momento para quem quer conquistar uma vaga de est\u00e1gio ou trabalho. A iniciativa far\u00e1 com que cada participante aumente seu network com as grandes organiza\u00e7\u00f5es \u2013 companhias nacionais e multinacionais &#8211; e que possa conferir novidades e inova\u00e7\u00f5es em suas \u00e1reas de atua\u00e7\u00e3o\u201d, afirma P\u00edlade Moraes, diretor de Parcerias, Carreiras e Sustentabilidade da Est\u00e1cio.<br>A 5\u00aa edi\u00e7\u00e3o da Feira Virtual de Est\u00e1gios e Empregos da Est\u00e1cio fechou ainda uma parceria com a Magalu, que ofertar\u00e1 um pr\u00eamio para os participantes \u2013 Chromecast 3 Streaming Device Full HD Conex\u00e3o HDMI. Al\u00e9m disso, os estudantes tamb\u00e9m poder\u00e3o concorrer a 50 licen\u00e7as do Soft Skills Game, importante ferramenta de autoconhecimento e desenvolvimento profissional.<\/p>\n\n\n\n<p>Confira a programa\u00e7\u00e3o das Lives Exclusivas:<\/p>\n\n\n\n<p>25\/05 &#8211; ter\u00e7a-feira<br>11h \u2013 A import\u00e2ncia do autoconhecimento para a carreira e processos seletivos, com Tatiana Pina &#8211; consultora Head do Programa Jornada para o Futuro, da Cia de Talentos;<br>13h \u2013 Desenvolva sua atitude e se destaque profissionalmente, com Luiza Maciel De Oliveira Ara\u00fajo Nery &#8211; especialista de Recrutamento e Sele\u00e7\u00e3o na Ambev;<br>17h \u2013 Voc\u00ea conhece o Nube? Integrador que emprega jovens em todo Brasilm com Bruno Brasiliense &#8211; coordenador de Eventos da Nube;<br>19h \u2013 Ita\u00fa: conhe\u00e7a suas 600 vagas e entenda porque capacita\u00e7\u00e3o \u00e9 a palavra-chave, com Laura Silva &#8211; coordenadora de aprendizagem e desenvolvimento do Ita\u00fa<\/p>\n\n\n\n<p>26\/05 \u2013 quarta-feira<br>11h \u2013 Diferente somos todos, com Adriana Nascimento &#8211; l\u00edder de Servi\u00e7os em Blockchain da IBM<br>13h \u2013 Vieses inconscientes, com Alexandre Braga &#8211; talent Acquisition da Vale;<br>17h \u2013 Jobecam: Start up ensina como se destacar em processos seletivos online, com Cammila Yochabell &#8211; intraempreendedora no RH de importantes multinacionais<br>19h \u2013 Contrata\u00e7\u00e3o 50+: oportunidades e desafios, com Fabi Granzotti &#8211; gestora de projetos D&amp;I e Especialista em Diversidade Et\u00e1ria da Maturi<\/p>\n\n\n\n<p>27\/05 \u2013 quinta-feira<br>11h \u2013 LinkedIn te ajuda no match perfeito: Vaga e Perfil, com Vitor Fuzato &#8211; customer Success Manager Talent Solutions Latin America do LinkedIn;<br>13h \u2013 Networking \u00e9 importante e \u00e9 para todo mundo, com Ana Carolina &#8211; business Analyst da pr\u00e1tica de Digital no McKinsey;<br>17h \u2013 Encontre sua Vaga: Conhe\u00e7a o portal exclusivo da sua institui\u00e7\u00e3o, com Jhonatan Modesto da \u00e1rea de Carreiras Est\u00e1cio e Marcelo Carvalho, professor e coordenador de cursos de P\u00f3s e Gradua\u00e7\u00e3o na Est\u00e1cio;<br>19h \u2013 Games e Processos seletivo: tend\u00eancias e dicas de como de sair bem, com Isabela Moura &#8211; coordenadora de Recursos Humanos na B2W (Empresa B2W).<\/p>\n","protected":false},"excerpt":{"rendered":"<p>Somente para o estado do Rio s\u00e3o mais de 15 mil vagas O evento contar\u00e1<\/p>\n","protected":false},"author":2,"featured_media":14889,"comment_status":"open","ping_status":"open","sticky":false,"template":"","format":"standard","meta":{"footnotes":""},"categories":[12],"tags":[],"class_list":["post-14888","post","type-post","status-publish","format-standard","has-post-thumbnail","hentry","category-cidade"],"_links":{"self":[{"href":"https:\/\/tvc16.com\/portal\/wp-json\/wp\/v2\/posts\/14888","targetHints":{"allow":["GET"]}}],"collection":[{"href":"https:\/\/tvc16.com\/portal\/wp-json\/wp\/v2\/posts"}],"about":[{"href":"https:\/\/tvc16.com\/portal\/wp-json\/wp\/v2\/types\/post"}],"author":[{"embeddable":true,"href":"https:\/\/tvc16.com\/portal\/wp-json\/wp\/v2\/users\/2"}],"replies":[{"embeddable":true,"href":"https:\/\/tvc16.com\/portal\/wp-json\/wp\/v2\/comments?post=14888"}],"version-history":[{"count":1,"href":"https:\/\/tvc16.com\/portal\/wp-json\/wp\/v2\/posts\/14888\/revisions"}],"predecessor-version":[{"id":14890,"href":"https:\/\/tvc16.com\/portal\/wp-json\/wp\/v2\/posts\/14888\/revisions\/14890"}],"wp:featuredmedia":[{"embeddable":true,"href":"https:\/\/tvc16.com\/portal\/wp-json\/wp\/v2\/media\/14889"}],"wp:attachment":[{"href":"https:\/\/tvc16.com\/portal\/wp-json\/wp\/v2\/media?parent=14888"}],"wp:term":[{"taxonomy":"category","embeddable":true,"href":"https:\/\/tvc16.com\/portal\/wp-json\/wp\/v2\/categories?post=14888"},{"taxonomy":"post_tag","embeddable":true,"href":"https:\/\/tvc16.com\/portal\/wp-json\/wp\/v2\/tags?post=14888"}],"curies":[{"name":"wp","href":"https:\/\/api.w.org\/{rel}","templated":true}]}}