{"id":14893,"date":"2021-05-24T14:28:06","date_gmt":"2021-05-24T17:28:06","guid":{"rendered":"https:\/\/tvc16.com\/portal\/?p=14893"},"modified":"2021-05-24T14:28:08","modified_gmt":"2021-05-24T17:28:08","slug":"sicomercio-e-arte-oferecem-curso-de-marketing-digital-aos-empresarios-de-petropolis","status":"publish","type":"post","link":"https:\/\/tvc16.com\/portal\/2021\/05\/24\/sicomercio-e-arte-oferecem-curso-de-marketing-digital-aos-empresarios-de-petropolis\/","title":{"rendered":"Sicom\u00e9rcio e ARTE oferecem curso de Marketing Digital aos empres\u00e1rios de Petr\u00f3polis"},"content":{"rendered":"\n<p><strong>Qualifica\u00e7\u00e3o dar\u00e1 aos participantes informa\u00e7\u00f5es e t\u00e9cnicas para aumentar as vendas atrav\u00e9s das m\u00eddias sociais<\/strong><\/p>\n\n\n\n<p>O Sindicato do Com\u00e9rcio Varejista de Petr\u00f3polis (Sicom\u00e9rcio) e a Associa\u00e7\u00e3o da Rua Teresa (ARTE) fecharam uma parceria para oferecer ao empresariado da cidade um curso de Introdu\u00e7\u00e3o ao Marketing Digital. As inscri\u00e7\u00f5es j\u00e1 est\u00e3o abertas e o curso come\u00e7a no dia 22 de junho.<\/p>\n\n\n\n<p>\u201cO Sicom\u00e9rcio tem buscado solu\u00e7\u00f5es para ajudar o com\u00e9rcio da cidade a enfrentar e superar os danos causados pela pandemia. J\u00e1 passamos da fase de lamenta\u00e7\u00e3o e agora temos que pensar em como reverter a situa\u00e7\u00e3o na qual nos encontramos no momento. Observando o mercado identificamos que as m\u00eddias sociais tem sido a nova vitrine dos produtos. Esse curso vai trazer a qualifica\u00e7\u00e3o que precisamos para explorar essa ferramenta e melhorar nossas vendas\u201d, explica Marcelo Fiorini, presidente do Sicom\u00e9rcio.<\/p>\n\n\n\n<p>\u201cA ARTE teve uma \u00f3tima experi\u00eancia intensificando o uso das plataformas digitais para divulga\u00e7\u00e3o das marcas do polo de moda. Temos uma agenda constante de postagens e as lojas agora contam com um perfil dedicado \u00e0 divulga\u00e7\u00e3o os produtos. Al\u00e9m disso, criamos um canal de comunica\u00e7\u00e3o com clientes de todo o Brasil. O curso vai ajudar os empres\u00e1rios que ainda n\u00e3o conhecem bem as ferramentas on-line a encontrar a melhor maneira de us\u00e1-las\u201d, revela Denise Fiorini, presidente da ARTE.&nbsp;<\/p>\n\n\n\n<p>As aulas ser\u00e3o on-line e ministradas por Marcelus Fassano, consultor de marketing que h\u00e1 mais de 20 anos atua no mercado em Petr\u00f3polis. Durante o curso, os empres\u00e1rios ter\u00e3o acesso a t\u00e9cnicas modernas de Marketing para aumentar as vendas usando as m\u00eddias sociais.<\/p>\n\n\n\n<p>\u201cO brasileiro passa uma m\u00e9dia de tr\u00eas horas por dia nas m\u00eddias sociais. Por isso, hoje, \u00e9 o melhor lugar para divulgar sua marca, conquistar clientes e realizar vendas\u201d, diz Marcelus.<\/p>\n\n\n\n<p>Ainda de acordo com o consultor, qualquer segmento pode utilizar as redes para tornar sua marca e\/ou produto conhecido, principalmente aqueles que n\u00e3o possuem ag\u00eancia de marketing e o pr\u00f3prio dono (ou funcion\u00e1rio da empresa) faz as publica\u00e7\u00f5es nas m\u00eddias sociais, e explica como a qualifica\u00e7\u00e3o pode beneficiar os neg\u00f3cios.<\/p>\n\n\n\n<p>\u201cSe tomarmos como exemplo o Instagram que hoje \u00e9 considerado uma das m\u00eddias mais fortes do mercado, vemos muitas empresas que constroem uma marca, reputa\u00e7\u00e3o e autoridade atrav\u00e9s de conte\u00fados relevantes para seu p\u00fablico. Outro benef\u00edcio \u00e9 que essas m\u00eddias permitem que voc\u00ea fale diretamente com seu cliente espec\u00edfico gastando muito menos do que nas m\u00eddias tradicionais como r\u00e1dio e televis\u00e3o\u201d.<\/p>\n\n\n\n<p>Entendendo a necessidade do setor, o Sicom\u00e9rcio e a ARTE conseguiram uma condi\u00e7\u00e3o especial para os associados que se interessarem em realizar o curso.<\/p>\n\n\n\n<p>\u201cBuscamos a parceria para oferecer ao empresariado um desconto para essa qualifica\u00e7\u00e3o. Os associados ao Sicom\u00e9rcio e \u00e0 ARTE far\u00e3o um investimento de apenas R$75,00 para ter acesso ao conte\u00fado completo. Mas o curso \u00e9 aberto a outros empres\u00e1rios que n\u00e3o sejam associados, nesse caso o valor normal \u00e9 de R$450,00. \u00c9 uma excelente oportunidade\u201d, explica Fiorini.<\/p>\n\n\n\n<p>O curso de Introdu\u00e7\u00e3o ao Marketing Digital com Marcelus Fassano ter\u00e1 dura\u00e7\u00e3o de cinco aulas e come\u00e7a do dia 22 de junho. As inscri\u00e7\u00f5es podem ser feitas pelo <a href=\"https:\/\/www.sympla.com.br\/curso-de-introducao-ao-marketing-digital__1211318\">https:\/\/www.sympla.com.br\/curso-de-introducao-ao-marketing-digital__1211318<\/a> . Para mais informa\u00e7\u00f5es o contato \u00e9 (24)9.9268-5049.<\/p>\n\n\n\n<p>\u201cTodo mundo que tem um produto ou servi\u00e7o pode se beneficiar nas m\u00eddias digitais. E o mercado de Petr\u00f3polis \u00e9 antenado nas novidades. A maioria dos comerciantes sabem da import\u00e2ncia de estar nas redes sociais, mas muitos n\u00e3o sabem como come\u00e7ar ou tem d\u00favidas sobre como otimizar seus resultados\u201d, refor\u00e7a Marcelus.<\/p>\n","protected":false},"excerpt":{"rendered":"<p>Qualifica\u00e7\u00e3o dar\u00e1 aos participantes informa\u00e7\u00f5es e t\u00e9cnicas para aumentar as vendas atrav\u00e9s das m\u00eddias sociais<\/p>\n","protected":false},"author":2,"featured_media":14894,"comment_status":"open","ping_status":"open","sticky":false,"template":"","format":"standard","meta":{"footnotes":""},"categories":[12],"tags":[],"class_list":["post-14893","post","type-post","status-publish","format-standard","has-post-thumbnail","hentry","category-cidade"],"_links":{"self":[{"href":"https:\/\/tvc16.com\/portal\/wp-json\/wp\/v2\/posts\/14893","targetHints":{"allow":["GET"]}}],"collection":[{"href":"https:\/\/tvc16.com\/portal\/wp-json\/wp\/v2\/posts"}],"about":[{"href":"https:\/\/tvc16.com\/portal\/wp-json\/wp\/v2\/types\/post"}],"author":[{"embeddable":true,"href":"https:\/\/tvc16.com\/portal\/wp-json\/wp\/v2\/users\/2"}],"replies":[{"embeddable":true,"href":"https:\/\/tvc16.com\/portal\/wp-json\/wp\/v2\/comments?post=14893"}],"version-history":[{"count":1,"href":"https:\/\/tvc16.com\/portal\/wp-json\/wp\/v2\/posts\/14893\/revisions"}],"predecessor-version":[{"id":14895,"href":"https:\/\/tvc16.com\/portal\/wp-json\/wp\/v2\/posts\/14893\/revisions\/14895"}],"wp:featuredmedia":[{"embeddable":true,"href":"https:\/\/tvc16.com\/portal\/wp-json\/wp\/v2\/media\/14894"}],"wp:attachment":[{"href":"https:\/\/tvc16.com\/portal\/wp-json\/wp\/v2\/media?parent=14893"}],"wp:term":[{"taxonomy":"category","embeddable":true,"href":"https:\/\/tvc16.com\/portal\/wp-json\/wp\/v2\/categories?post=14893"},{"taxonomy":"post_tag","embeddable":true,"href":"https:\/\/tvc16.com\/portal\/wp-json\/wp\/v2\/tags?post=14893"}],"curies":[{"name":"wp","href":"https:\/\/api.w.org\/{rel}","templated":true}]}}