{"id":14896,"date":"2021-05-24T14:29:02","date_gmt":"2021-05-24T17:29:02","guid":{"rendered":"https:\/\/tvc16.com\/portal\/?p=14896"},"modified":"2021-05-24T14:29:04","modified_gmt":"2021-05-24T17:29:04","slug":"educacao-formacao-para-professores-de-lingua-portuguesa","status":"publish","type":"post","link":"https:\/\/tvc16.com\/portal\/2021\/05\/24\/educacao-formacao-para-professores-de-lingua-portuguesa\/","title":{"rendered":"Educa\u00e7\u00e3o: Forma\u00e7\u00e3o para professores de L\u00edngua Portuguesa"},"content":{"rendered":"\n<p>A Secretaria de Educa\u00e7\u00e3o vai realizar mais uma forma\u00e7\u00e3o para professores da rede municipal de Educa\u00e7\u00e3o. Dessa vez, o encontro ser\u00e1 direcionado para os que lecionam L\u00edngua Portuguesa nas turmas dos anos finais do Ensino Fundamental e Ensino M\u00e9dio. O curso ser\u00e1 realizado na ter\u00e7a-feira, dia 25 de maio.<\/p>\n\n\n\n<p>O encontro ser\u00e1 transmitido por meio da plataforma google meet. Est\u00e3o sendo ofertadas 95 vagas e os interessados podem se inscrever atrav\u00e9s do e-mail seeinscricoes2021@gmail.com<\/p>\n\n\n\n<p>\u201cMais uma oportunidade de atualiza\u00e7\u00e3o de conhecimentos e de intera\u00e7\u00e3o entre os professores da nossa rede neste momento em que mesmo distantes fisicamente, eles t\u00eam se adaptado para atender os alunos com atividades e propostas diferenciadas\u201d, afirma o prefeito interino, Hingo Hammes.<\/p>\n\n\n\n<p>A secret\u00e1ria de Educa\u00e7\u00e3o, Marcia Palma, agradeceu as inscri\u00e7\u00f5es j\u00e1 recebidas. \u201cOs professores que t\u00eam participado ativamente dos cursos e forma\u00e7\u00f5es s\u00e3o multiplicadores de conhecimento e a eles o meu reconhecimento e agradecimento\u201d.<\/p>\n\n\n\n<p>A forma\u00e7\u00e3o durar\u00e1 das 9h30 \u00e0s 11h. O link ser\u00e1 enviado para o e-mail dos inscritos juntamente com a pauta. D\u00favidas podem ser esclarecidas atrav\u00e9s do telefone 2246-8678. A iniciativa \u00e9 do Departamento de Ensino Fundamental da Secretaria de Educa\u00e7\u00e3o.<\/p>\n","protected":false},"excerpt":{"rendered":"<p>A Secretaria de Educa\u00e7\u00e3o vai realizar mais uma forma\u00e7\u00e3o para professores da rede municipal de<\/p>\n","protected":false},"author":2,"featured_media":14705,"comment_status":"open","ping_status":"open","sticky":false,"template":"","format":"standard","meta":{"footnotes":""},"categories":[12],"tags":[],"class_list":["post-14896","post","type-post","status-publish","format-standard","has-post-thumbnail","hentry","category-cidade"],"_links":{"self":[{"href":"https:\/\/tvc16.com\/portal\/wp-json\/wp\/v2\/posts\/14896","targetHints":{"allow":["GET"]}}],"collection":[{"href":"https:\/\/tvc16.com\/portal\/wp-json\/wp\/v2\/posts"}],"about":[{"href":"https:\/\/tvc16.com\/portal\/wp-json\/wp\/v2\/types\/post"}],"author":[{"embeddable":true,"href":"https:\/\/tvc16.com\/portal\/wp-json\/wp\/v2\/users\/2"}],"replies":[{"embeddable":true,"href":"https:\/\/tvc16.com\/portal\/wp-json\/wp\/v2\/comments?post=14896"}],"version-history":[{"count":1,"href":"https:\/\/tvc16.com\/portal\/wp-json\/wp\/v2\/posts\/14896\/revisions"}],"predecessor-version":[{"id":14897,"href":"https:\/\/tvc16.com\/portal\/wp-json\/wp\/v2\/posts\/14896\/revisions\/14897"}],"wp:featuredmedia":[{"embeddable":true,"href":"https:\/\/tvc16.com\/portal\/wp-json\/wp\/v2\/media\/14705"}],"wp:attachment":[{"href":"https:\/\/tvc16.com\/portal\/wp-json\/wp\/v2\/media?parent=14896"}],"wp:term":[{"taxonomy":"category","embeddable":true,"href":"https:\/\/tvc16.com\/portal\/wp-json\/wp\/v2\/categories?post=14896"},{"taxonomy":"post_tag","embeddable":true,"href":"https:\/\/tvc16.com\/portal\/wp-json\/wp\/v2\/tags?post=14896"}],"curies":[{"name":"wp","href":"https:\/\/api.w.org\/{rel}","templated":true}]}}