{"id":14905,"date":"2021-05-24T15:57:40","date_gmt":"2021-05-24T18:57:40","guid":{"rendered":"https:\/\/tvc16.com\/portal\/?p=14905"},"modified":"2021-05-24T15:57:42","modified_gmt":"2021-05-24T18:57:42","slug":"vereadora-cobra-transparencia-nos-indices-de-contaminacao-pela-covid-19-em-unidades-escolares-2","status":"publish","type":"post","link":"https:\/\/tvc16.com\/portal\/2021\/05\/24\/vereadora-cobra-transparencia-nos-indices-de-contaminacao-pela-covid-19-em-unidades-escolares-2\/","title":{"rendered":"Vereadora cobra transpar\u00eancia nos \u00edndices de contamina\u00e7\u00e3o pela covid-19 em unidades escolares"},"content":{"rendered":"\n<p>A Vereadora Gilda Beatriz (PSD) protocolou, na C\u00e2mara Municipal, um Projeto de Lei solicitando transpar\u00eancia e divulga\u00e7\u00e3o dos \u00edndices de contamina\u00e7\u00e3o por Covid-19 dos profissionais da educa\u00e7\u00e3o, alunos e prestadores de servi\u00e7o da rede municipal, estadual e privada do munic\u00edpio.<\/p>\n\n\n\n<p>De acordo com o projeto, os \u00edndices de contamina\u00e7\u00e3o por COVID-19 dever\u00e3o ser divulgados separadamente para profissionais da educa\u00e7\u00e3o, alunos e prestadores de servi\u00e7os das unidades escolares. \u201c\u00c9 de extrema import\u00e2ncia que o Poder Executivo divulgue essas informa\u00e7\u00f5es. Algumas escolas j\u00e1 suspenderam as atividades presenciais ap\u00f3s a suspeita e confirma\u00e7\u00e3o de casos da Covid-19. A popula\u00e7\u00e3o cobra transpar\u00eancia\u201d, destacou a vereadora.<\/p>\n\n\n\n<p>O Projeto de Lei passar\u00e1 pela avalia\u00e7\u00e3o das Comiss\u00f5es Permanentes da Casa Legislativa e, sendo aprovado, ser\u00e1 encaminhado para san\u00e7\u00e3o do Poder Executivo.<\/p>\n","protected":false},"excerpt":{"rendered":"<p>A Vereadora Gilda Beatriz (PSD) protocolou, na C\u00e2mara Municipal, um Projeto de Lei solicitando transpar\u00eancia<\/p>\n","protected":false},"author":2,"featured_media":14906,"comment_status":"open","ping_status":"open","sticky":false,"template":"","format":"standard","meta":{"footnotes":""},"categories":[12],"tags":[],"class_list":["post-14905","post","type-post","status-publish","format-standard","has-post-thumbnail","hentry","category-cidade"],"_links":{"self":[{"href":"https:\/\/tvc16.com\/portal\/wp-json\/wp\/v2\/posts\/14905","targetHints":{"allow":["GET"]}}],"collection":[{"href":"https:\/\/tvc16.com\/portal\/wp-json\/wp\/v2\/posts"}],"about":[{"href":"https:\/\/tvc16.com\/portal\/wp-json\/wp\/v2\/types\/post"}],"author":[{"embeddable":true,"href":"https:\/\/tvc16.com\/portal\/wp-json\/wp\/v2\/users\/2"}],"replies":[{"embeddable":true,"href":"https:\/\/tvc16.com\/portal\/wp-json\/wp\/v2\/comments?post=14905"}],"version-history":[{"count":1,"href":"https:\/\/tvc16.com\/portal\/wp-json\/wp\/v2\/posts\/14905\/revisions"}],"predecessor-version":[{"id":14907,"href":"https:\/\/tvc16.com\/portal\/wp-json\/wp\/v2\/posts\/14905\/revisions\/14907"}],"wp:featuredmedia":[{"embeddable":true,"href":"https:\/\/tvc16.com\/portal\/wp-json\/wp\/v2\/media\/14906"}],"wp:attachment":[{"href":"https:\/\/tvc16.com\/portal\/wp-json\/wp\/v2\/media?parent=14905"}],"wp:term":[{"taxonomy":"category","embeddable":true,"href":"https:\/\/tvc16.com\/portal\/wp-json\/wp\/v2\/categories?post=14905"},{"taxonomy":"post_tag","embeddable":true,"href":"https:\/\/tvc16.com\/portal\/wp-json\/wp\/v2\/tags?post=14905"}],"curies":[{"name":"wp","href":"https:\/\/api.w.org\/{rel}","templated":true}]}}