{"id":14912,"date":"2021-05-24T19:43:41","date_gmt":"2021-05-24T22:43:41","guid":{"rendered":"https:\/\/tvc16.com\/portal\/?p=14912"},"modified":"2021-05-24T19:43:43","modified_gmt":"2021-05-24T22:43:43","slug":"mais-15-mortes-por-covid-19-sao-confirmadas-na-cidade","status":"publish","type":"post","link":"https:\/\/tvc16.com\/portal\/2021\/05\/24\/mais-15-mortes-por-covid-19-sao-confirmadas-na-cidade\/","title":{"rendered":"Mais 15 mortes por covid-19 s\u00e3o confirmadas na cidade"},"content":{"rendered":"\n<p>O boletim epidemiol\u00f3gico desta segunda (24\/05) mostra que Petr\u00f3polis fez, at\u00e9 agora, 160.204 testes para Covid-19, com 37.018 resultados positivos e 118.887 negativos (levando em considera\u00e7\u00e3o testes r\u00e1pidos e Swab). Mais quinze \u00f3bitos foram confirmados e inseridos na base de dados do munic\u00edpio nesta segunda-feira.<\/p>\n\n\n\n<p>Neste momento, 148 pessoas est\u00e3o internadas em UTIs privadas e pelo SUS. Outras 119 est\u00e3o em leitos cl\u00ednicos, considerando leitos privados e SUS, totalizando assim, 267 interna\u00e7\u00f5es em toda a rede da cidade. A ocupa\u00e7\u00e3o de leitos cl\u00ednicos pelo SUS \u00e9 de 54,55% e 74,79% em UTI.<\/p>\n\n\n\n<p>A Secretaria de Sa\u00fade esclarece que o n\u00famero de \u00f3bitos, hoje em 1.132 \u00e9 atualizado nos boletins apenas ap\u00f3s o registro do atestado de \u00f3bito e do resultado do exame do paciente no sistema da Vigil\u00e2ncia Epidemiol\u00f3gica, o que \u00e9 feito por equipe administrativa. Trata-se de medida de seguran\u00e7a para evitar erro na informa\u00e7\u00e3o divulgada pela Secretaria de Sa\u00fade.<\/p>\n\n\n\n<p>A Secretaria acrescenta, ainda, que trabalha na atualiza\u00e7\u00e3o de dados de notifica\u00e7\u00f5es e casos em an\u00e1lise no sistema, inserindo ainda dados pendentes de meses anteriores. \u00c9 poss\u00edvel acompanhar a evolu\u00e7\u00e3o dos casos no portal da transpar\u00eancia do coronav\u00edrus, no site da Prefeitura (www.petropolis.rj.gov.br).<\/p>\n\n\n\n<p>\u00d3bitos Registrados:<\/p>\n\n\n\n<ol class=\"wp-block-list\"><li>Mulher, 60 anos, moradora no Castelo S\u00e3o Manoel. Internada em 25.04.2021 na UPA Cascatinha e transferida para o HCC. \u00d3bito registrado em 14.05.2021 no HCC. Paciente com hipertens\u00e3o arterial e obesidade.<\/li><li>Homem, 58 anos, morador no Quissam\u00e3. Internado em 06.05.2021 na UPA Cascatinha e transferido para o HCC. \u00d3bito registrado em 14.05.2021 no HCC. Paciente com hipertens\u00e3o arterial e hipotireoidismo.<\/li><li>Homem, 58 anos, morador em Corr\u00eaas. Internado em 27.04.2021 no Hospital Unimed. \u00d3bito registrado em 14.05.2021 no Hospital Unimed. Paciente com hipertens\u00e3o arterial.<\/li><li>Mulher, 62 anos, moradora no Quissam\u00e3. Internada em 11.05.2021 no HCC. \u00d3bito registrado em 15.05.2021 no HCC. Paciente com doen\u00e7a cardiovascular cr\u00f4nica, diabetes e AVE.<\/li><li>Mulher, 64 anos, moradora no Dr. Thouzet. Internada em 05.05.2021 na UPA Cascatinha e transferida para o HSM. \u00d3bito registrado em 15.05.2021 no HSM. Paciente com hipertens\u00e3o arterial e diabetes.<\/li><li>Mulher, 35 anos, moradora no Alto da Serra. Internada em 04.05.2021 na UPA Centro e transferida para o HCC. \u00d3bito registrado e 16.05.2021 no HCC. Paciente com hipertens\u00e3o arterial, obesidade e hipotireoidismo.<\/li><li>Mulher, 71 anos, moradora no Castelo S\u00e3o Manoel. Internada em 13.05.2021 na UPA Cascatinha e transferida para o HCC. \u00d3bito registrado em 16.05.2021 no HCC. Paciente com hipertens\u00e3o arterial, diabetes, amaurose bilateral.<\/li><li>Homem, 41 anos, morador no \u00c1guas Lindas. Internado em 30.04.2021 na UPA Itaipava e transferido para o HCC. \u00d3bito registrado em 17.05.2021 no HCC. Paciente sem comorbidades.<\/li><li>Mulher, 63 anos, morador no Quarteir\u00e3o Ingelheim. Internado em 27.04.2021 na UPA Cascatinha e transferida para o SMH. \u00d3bito registrado em 18.05.2021 no SMH. Paciente com hipertens\u00e3o arterial, diabetes e c\u00e2ncer.<\/li><li>Mulher, 55 anos, morador no Duarte da Silveira. Internada em 07.05.2021 no Hospital Unimed. \u00d3bito registrado em 18.05.2021 no Hospital Unimed. Paciente sem comorbidades.<\/li><li>Homem, 63 anos, morador no Retiro. Internado em 01.05.2021 na UPA Cascatinha e transferido para o HCC. \u00d3bito registrado em 20.05.2021 no HCC. Paciente com diabetes.<\/li><li>Mulher, 62 anos, moradora no Retiro. Internada em 28.04.2021 na UPA Itaipava e transferida para o HCC. \u00d3bito registrado em 20.05.2021 no HCC. Paciente com hipertens\u00e3o arterial.<\/li><li>Mulher, 53 anos, moradora no Morin. Internada em 18.05.2021 na UPA Cascatinha e transferida para o HAC. \u00d3bito registrado em 21.05.2021 no HAC. Paciente com hipertens\u00e3o arterial e diabetes.<\/li><li>Mulher, 66 anos, moradora no Roseiral. Internada em 03.05.2021 na UPA Cascatinha e transferida para o HAC. \u00d3bito registrado em 21.05.2021 no HAC. Paciente com hipertens\u00e3o arterial, diabetes e obesidade.<\/li><li>Mulher, 61 anos, moradora no Cascatinha. Internada em 04.05.2021 na UPA Cascatinha e transferida para o HMNSE. \u00d3bito registrado em 23.05.2021. Paciente com hipertens\u00e3o arterial e diabetes<\/li><\/ol>\n","protected":false},"excerpt":{"rendered":"<p>O boletim epidemiol\u00f3gico desta segunda (24\/05) mostra que Petr\u00f3polis fez, at\u00e9 agora, 160.204 testes para<\/p>\n","protected":false},"author":2,"featured_media":14913,"comment_status":"open","ping_status":"open","sticky":false,"template":"","format":"standard","meta":{"footnotes":""},"categories":[12],"tags":[],"class_list":["post-14912","post","type-post","status-publish","format-standard","has-post-thumbnail","hentry","category-cidade"],"_links":{"self":[{"href":"https:\/\/tvc16.com\/portal\/wp-json\/wp\/v2\/posts\/14912","targetHints":{"allow":["GET"]}}],"collection":[{"href":"https:\/\/tvc16.com\/portal\/wp-json\/wp\/v2\/posts"}],"about":[{"href":"https:\/\/tvc16.com\/portal\/wp-json\/wp\/v2\/types\/post"}],"author":[{"embeddable":true,"href":"https:\/\/tvc16.com\/portal\/wp-json\/wp\/v2\/users\/2"}],"replies":[{"embeddable":true,"href":"https:\/\/tvc16.com\/portal\/wp-json\/wp\/v2\/comments?post=14912"}],"version-history":[{"count":1,"href":"https:\/\/tvc16.com\/portal\/wp-json\/wp\/v2\/posts\/14912\/revisions"}],"predecessor-version":[{"id":14914,"href":"https:\/\/tvc16.com\/portal\/wp-json\/wp\/v2\/posts\/14912\/revisions\/14914"}],"wp:featuredmedia":[{"embeddable":true,"href":"https:\/\/tvc16.com\/portal\/wp-json\/wp\/v2\/media\/14913"}],"wp:attachment":[{"href":"https:\/\/tvc16.com\/portal\/wp-json\/wp\/v2\/media?parent=14912"}],"wp:term":[{"taxonomy":"category","embeddable":true,"href":"https:\/\/tvc16.com\/portal\/wp-json\/wp\/v2\/categories?post=14912"},{"taxonomy":"post_tag","embeddable":true,"href":"https:\/\/tvc16.com\/portal\/wp-json\/wp\/v2\/tags?post=14912"}],"curies":[{"name":"wp","href":"https:\/\/api.w.org\/{rel}","templated":true}]}}