{"id":14933,"date":"2021-05-25T11:21:08","date_gmt":"2021-05-25T14:21:08","guid":{"rendered":"https:\/\/tvc16.com\/portal\/?p=14933"},"modified":"2021-05-25T11:21:09","modified_gmt":"2021-05-25T14:21:09","slug":"em-petropolis-78-172-ja-foram-vacinadas-com-a-primeira-dose-da-vacina-contra-a-covid-19","status":"publish","type":"post","link":"https:\/\/tvc16.com\/portal\/2021\/05\/25\/em-petropolis-78-172-ja-foram-vacinadas-com-a-primeira-dose-da-vacina-contra-a-covid-19\/","title":{"rendered":"Em Petr\u00f3polis 78.172 j\u00e1 foram vacinadas com a primeira dose da vacina contra a covid-19"},"content":{"rendered":"\n<p>As equipes de enfermagem, sob coordena\u00e7\u00e3o do departamento de Vigil\u00e2ncia em Sa\u00fade, deram sequ\u00eancia nesta segunda (24\/05) a vacina\u00e7\u00e3o contra a Covid-19. Durante todo o dia, 1.228 pessoas foram vacinadas na cidade. Destas 970 receberam a primeira dose e 258 receberam a segunda dose. At\u00e9 o momento 78.172 pessoas receberam a primeira dose. Destas, 33.470 receberam a segunda dose do imunizante.<\/p>\n\n\n\n<p>Nos pontos de imuniza\u00e7\u00e3o foram vacinados 303 idosos, sendo 92 com a primeira dose e 211 com a segunda. Foram vacinados tamb\u00e9m com a primeira dose tr\u00eas deficiente e 785 pessoas com comorbidades, al\u00e9m de cinco gestantes e duas pu\u00e9rperas.<\/p>\n\n\n\n<p>Em paralelo, as equipes vacinaram 127 profissionais de Sa\u00fade, sendo 83 com a primeira dose e 44 com a segunda dose. Foram vacinados ainda com a segunda dose, dois integrantes de For\u00e7as de Seguran\u00e7a.<\/p>\n\n\n\n<p>A campanha de imuniza\u00e7\u00e3o contra a covid-19 segue nesta ter\u00e7a-feira (25\/05) em 10 pontos de vacina\u00e7\u00e3o da cidade, com a vacina\u00e7\u00e3o de pessoas com comorbidades a partir dos 40 anos e trabalhadores da Sa\u00fade maiores de 30 anos. O cadastro para vacina\u00e7\u00e3o deste p\u00fablico foi aberto domingo. Os dados devem ser preenchidos no site da prefeitura (www.petr\u00f3polis.rj.gov.br)<br>Podem se cadastrar para tomar a vacina contra a covid-19:<\/p>\n\n\n\n<ul class=\"wp-block-list\"><li>Pessoas com comorbidades (listadas no Plano Nacional de Imuniza\u00e7\u00e3o) maiores de 40 anos.<\/li><li>Trabalhadores da Sa\u00fade a partir de 30 anos<\/li><li>Pessoas com s\u00edndrome de down maiores de 18 anos<\/li><li>Pessoas com autismo maiores de 18 anos<\/li><li>Pacientes renais cr\u00f4nicos em di\u00e1lise maiores de 18 anos<\/li><li>Pessoas com defici\u00eancia permanente cadastradas no Programa de Benef\u00edcio de Presta\u00e7\u00e3o Continuada (BPC) com mais de 40 anos.<\/li><li>Idosos com mais de 60 anos<br>A vacina\u00e7\u00e3o de gestantes e pu\u00e9rperas maiores de 18 anos com comorbidades, tamb\u00e9m segue com a aplica\u00e7\u00e3o da vacina CoronaVac. As doses do imunizante do Butantan recebidas no \u00faltimo lote devem ser destinadas exclusivamente a este p\u00fablico e est\u00e3o sendo aplicadas em dois pontos da cidade: no campus da UCP Benjamin Constant (Centro) e no Parque Municipal, em Itaipava.<br>Em caso de d\u00favidas \u00e9 poss\u00edvel utilizar o Whatsapp da Sa\u00fade, um assistente virtual que fornece informa\u00e7\u00f5es sobre a vacina\u00e7\u00e3o, locais de atendimento a pacientes com sintomas da doen\u00e7a e boletins. H\u00e1, ainda, informa\u00e7\u00f5es sobre a vacina\u00e7\u00e3o contra a gripe. O atendimento est\u00e1 dispon\u00edvel pelo n\u00famero (24) 9.9200-1428.<\/li><\/ul>\n","protected":false},"excerpt":{"rendered":"<p>As equipes de enfermagem, sob coordena\u00e7\u00e3o do departamento de Vigil\u00e2ncia em Sa\u00fade, deram sequ\u00eancia nesta<\/p>\n","protected":false},"author":2,"featured_media":14865,"comment_status":"open","ping_status":"open","sticky":false,"template":"","format":"standard","meta":{"footnotes":""},"categories":[12],"tags":[],"class_list":["post-14933","post","type-post","status-publish","format-standard","has-post-thumbnail","hentry","category-cidade"],"_links":{"self":[{"href":"https:\/\/tvc16.com\/portal\/wp-json\/wp\/v2\/posts\/14933","targetHints":{"allow":["GET"]}}],"collection":[{"href":"https:\/\/tvc16.com\/portal\/wp-json\/wp\/v2\/posts"}],"about":[{"href":"https:\/\/tvc16.com\/portal\/wp-json\/wp\/v2\/types\/post"}],"author":[{"embeddable":true,"href":"https:\/\/tvc16.com\/portal\/wp-json\/wp\/v2\/users\/2"}],"replies":[{"embeddable":true,"href":"https:\/\/tvc16.com\/portal\/wp-json\/wp\/v2\/comments?post=14933"}],"version-history":[{"count":1,"href":"https:\/\/tvc16.com\/portal\/wp-json\/wp\/v2\/posts\/14933\/revisions"}],"predecessor-version":[{"id":14934,"href":"https:\/\/tvc16.com\/portal\/wp-json\/wp\/v2\/posts\/14933\/revisions\/14934"}],"wp:featuredmedia":[{"embeddable":true,"href":"https:\/\/tvc16.com\/portal\/wp-json\/wp\/v2\/media\/14865"}],"wp:attachment":[{"href":"https:\/\/tvc16.com\/portal\/wp-json\/wp\/v2\/media?parent=14933"}],"wp:term":[{"taxonomy":"category","embeddable":true,"href":"https:\/\/tvc16.com\/portal\/wp-json\/wp\/v2\/categories?post=14933"},{"taxonomy":"post_tag","embeddable":true,"href":"https:\/\/tvc16.com\/portal\/wp-json\/wp\/v2\/tags?post=14933"}],"curies":[{"name":"wp","href":"https:\/\/api.w.org\/{rel}","templated":true}]}}