{"id":14935,"date":"2021-05-25T11:22:33","date_gmt":"2021-05-25T14:22:33","guid":{"rendered":"https:\/\/tvc16.com\/portal\/?p=14935"},"modified":"2021-05-25T11:22:35","modified_gmt":"2021-05-25T14:22:35","slug":"nove-caes-adotados-na-quarta-edicao-da-campanha-organizada-pela-cobea","status":"publish","type":"post","link":"https:\/\/tvc16.com\/portal\/2021\/05\/25\/nove-caes-adotados-na-quarta-edicao-da-campanha-organizada-pela-cobea\/","title":{"rendered":"Nove c\u00e3es adotados na quarta edi\u00e7\u00e3o da campanha organizada pela Cobea"},"content":{"rendered":"\n<p>Nove c\u00e3es ganharam um novo lar neste s\u00e1bado (22.05), na quarta edi\u00e7\u00e3o da campanha de ado\u00e7\u00e3o organizada pela Prefeitura, por meio da Coordenadoria de Bem-estar Animal (Cobea) na Pra\u00e7a Dom Pedro. Foram adotados dois cachorros adultos e sete filhotes. Os novos donos dos pets receberam um certificado de ado\u00e7\u00e3o.<\/p>\n\n\n\n<p>\u201cVer o trabalho, o empenho da equipe da Cobea e dos protetores da cidade \u00e9 gratificante. Queremos que a feira aconte\u00e7a quinzenalmente, se torne refer\u00eancia em Petr\u00f3polis, e chame a aten\u00e7\u00e3o das pessoas para o ato de ado\u00e7\u00e3o\u201d, disse o prefeito interino Hingo Hammes, que esteve presente no evento.<\/p>\n\n\n\n<p>Ao todo, a campanha j\u00e1 garantiu a ado\u00e7\u00e3o de 31 animais \u2013 27 c\u00e3es e 4 gatos. O evento tem como objetivo estimular a posse respons\u00e1vel. A a\u00e7\u00e3o tamb\u00e9m fez o recolhimento de doa\u00e7\u00f5es de ra\u00e7\u00e3o que ser\u00e3o entregues aos protetores da cidade.<\/p>\n\n\n\n<p>Segundo o coordenador da Cobea, Jo\u00e3o Valois, a inten\u00e7\u00e3o \u00e9 incentivar a ado\u00e7\u00e3o com amor: \u201cOs animais vieram para nos ensinar a amar. E \u00e9 esse amor que queremos que as pessoas tenham para ado\u00e7\u00e3o. E foi o que conseguimos neste s\u00e1bado, com nove c\u00e3es adotados, com muita responsabilidade e amor. Temos orgulho em poder realizar a quarta edi\u00e7\u00e3o da campanha ao lado de institui\u00e7\u00f5es s\u00e9rias e que tamb\u00e9m trabalham com essa miss\u00e3o na cidade\u201d.<\/p>\n\n\n\n<p>\u201cMuitos dos animais que s\u00e3o disponibilizados para ado\u00e7\u00e3o foram os que n\u00f3s retiramos das ruas ou foram resgatados em nossas a\u00e7\u00f5es. E v\u00ea-los conseguindo um novo lar \u00e9 de extrema felicidade\u201d, completou Jo\u00e3o, lembrando que todos os animais (filhotes e adultos) levados pelos protetores ou pela coordenadoria \u00e0 feira estar\u00e3o vacinados, vermifugados e castrados.<\/p>\n\n\n\n<p>Tamb\u00e9m estiveram presentes no local agentes da Companhia Petropolitana de Tr\u00e2nsito (CPTrans) distribuindo folhetins informativos em alus\u00e3o ao Maio Amarelo, m\u00eas de conscientiza\u00e7\u00e3o para redu\u00e7\u00e3o de acidentes de tr\u00e2nsito, e representantes da Coordenadoria da Juventude. Al\u00e9m disso, as ONG\u2019s Dog\u2019s Heaven (@dogsheaven), Prote\u00e7\u00e3o C\u00e3o Amor (@protecaocaoamor) e GAPA Itaipava (@gapaitaipva.ong) permaneceram com barracas no local.<\/p>\n\n\n\n<p>Processo de ado\u00e7\u00e3o<\/p>\n\n\n\n<p>O processo de ado\u00e7\u00e3o \u00e9 simples e r\u00e1pido. O interessado precisa apenas apresentar seus documentos de identidade e CPF, comprovante de resid\u00eancia, al\u00e9m de ser maior de 18 anos. Qualquer representante, seja individual ou empresa, que deseje incentivar de alguma forma a campanha, bem como, os interessados em adotar algum animal, podem esclarecer todas as suas d\u00favidas diretamente com a Coordenadoria atrav\u00e9s do telefone: (24) 2291-1505; ou pelo e-mail: ceaicobea@petropolis.rj.gov.br.<\/p>\n","protected":false},"excerpt":{"rendered":"<p>Nove c\u00e3es ganharam um novo lar neste s\u00e1bado (22.05), na quarta edi\u00e7\u00e3o da campanha de<\/p>\n","protected":false},"author":2,"featured_media":14936,"comment_status":"open","ping_status":"open","sticky":false,"template":"","format":"standard","meta":{"footnotes":""},"categories":[12],"tags":[],"class_list":["post-14935","post","type-post","status-publish","format-standard","has-post-thumbnail","hentry","category-cidade"],"_links":{"self":[{"href":"https:\/\/tvc16.com\/portal\/wp-json\/wp\/v2\/posts\/14935","targetHints":{"allow":["GET"]}}],"collection":[{"href":"https:\/\/tvc16.com\/portal\/wp-json\/wp\/v2\/posts"}],"about":[{"href":"https:\/\/tvc16.com\/portal\/wp-json\/wp\/v2\/types\/post"}],"author":[{"embeddable":true,"href":"https:\/\/tvc16.com\/portal\/wp-json\/wp\/v2\/users\/2"}],"replies":[{"embeddable":true,"href":"https:\/\/tvc16.com\/portal\/wp-json\/wp\/v2\/comments?post=14935"}],"version-history":[{"count":1,"href":"https:\/\/tvc16.com\/portal\/wp-json\/wp\/v2\/posts\/14935\/revisions"}],"predecessor-version":[{"id":14937,"href":"https:\/\/tvc16.com\/portal\/wp-json\/wp\/v2\/posts\/14935\/revisions\/14937"}],"wp:featuredmedia":[{"embeddable":true,"href":"https:\/\/tvc16.com\/portal\/wp-json\/wp\/v2\/media\/14936"}],"wp:attachment":[{"href":"https:\/\/tvc16.com\/portal\/wp-json\/wp\/v2\/media?parent=14935"}],"wp:term":[{"taxonomy":"category","embeddable":true,"href":"https:\/\/tvc16.com\/portal\/wp-json\/wp\/v2\/categories?post=14935"},{"taxonomy":"post_tag","embeddable":true,"href":"https:\/\/tvc16.com\/portal\/wp-json\/wp\/v2\/tags?post=14935"}],"curies":[{"name":"wp","href":"https:\/\/api.w.org\/{rel}","templated":true}]}}