{"id":14942,"date":"2021-05-25T11:56:09","date_gmt":"2021-05-25T14:56:09","guid":{"rendered":"https:\/\/tvc16.com\/portal\/?p=14942"},"modified":"2021-05-25T11:56:11","modified_gmt":"2021-05-25T14:56:11","slug":"diretor-da-editora-vozes-recebe-medalha-do-merito-industrial-da-firjan","status":"publish","type":"post","link":"https:\/\/tvc16.com\/portal\/2021\/05\/25\/diretor-da-editora-vozes-recebe-medalha-do-merito-industrial-da-firjan\/","title":{"rendered":"Diretor da Editora Vozes recebe Medalha do M\u00e9rito Industrial da Firjan"},"content":{"rendered":"\n<p>Valter Zanacoli Junior foi homenageado pela atua\u00e7\u00e3o frente ao setor gr\u00e1fico e em defesa da ind\u00fastria da regi\u00e3o.<\/p>\n\n\n\n<p>Empres\u00e1rios de outras regi\u00f5es e governador Cl\u00e1udio Castro tamb\u00e9m receberam a honraria<\/p>\n\n\n\n<p>O diretor-jur\u00eddico da Editora Vozes,\u00a0Valter Zanacoli Junior, que tamb\u00e9m ocupa o cargo de presidente do\u00a0Sindicato das Ind\u00fastrias Gr\u00e1ficas de Petr\u00f3polis (Sigrap)\u00a0e a vice-presid\u00eancia do Conselho da Firjan Serrana recebeu a\u00a0Medalha do M\u00e9rito Industrial do Rio de Janeiro\u00a0nesta segunda-feira (24). A homenagem \u00e9 entregue pela Federa\u00e7\u00e3o das Ind\u00fastrias \u00e0s personalidades que mais se destacaram na\u00a0trajet\u00f3ria profissional e em defesa da ind\u00fastria fluminense no \u00faltimo ano.\u00a0O governador do Rio de Janeiro, Cl\u00e1udio Castro, tamb\u00e9m\u00a0foi agraciado pela sua atua\u00e7\u00e3o nos cen\u00e1rios pol\u00edtico, econ\u00f4mico e social.<\/p>\n\n\n\n<p>\u201c\u00c9 uma honra e satisfa\u00e7\u00e3o enorme receber essa homenagem. A gente se torna um orgulho enorme para a fam\u00edlia. \u00c9 um reconhecimento pelo trabalho que fazemos atrav\u00e9s do sindicato, empresa e regional da Firjan em defesa dos interessas das ind\u00fastrias. Mas esse \u00e9 um trabalho feito em conjunto, por isso, \u00e9 preciso agradecer aos meus colegas empres\u00e1rios, l\u00edderes sindicais e colaboradores da Firjan SESI SENAI que nos ajudam a ter \u00eaxito nas demandas e atender aos pedidos dos associados\u201d, agradeceu Zanacoli durante a entrega da Medalha.<\/p>\n\n\n\n<p>Natural de Bragan\u00e7a Paulista (SP), Zanacoli recebeu o t\u00edtulo de Cidad\u00e3o Petropolitano entregue pela C\u00e2mara de Vereadores em 2016, principalmente, pela representa\u00e7\u00e3o do setor gr\u00e1fico e editorial da cidade e, por sua atua\u00e7\u00e3o junto aos conselhos municipais lutando por pol\u00edticas p\u00fablicas de defesa, de interesse e de garantia dos direitos de crian\u00e7as e adolescentes. Na Firjan, o advogado \u00e9 1\u00ba Diretor-Tesoureiro e vice-presidente do Conselho da Firjan Serrana.<\/p>\n\n\n\n<p>\u201cFico muito feliz em poder fazer parte desta homenagem e reconhecimento merecido ao Valter Zanacoli. Al\u00e9m de suas contribui\u00e7\u00f5es para o sucesso da Editora Vozes, uma empresa centen\u00e1ria e motivo de orgulho para Petr\u00f3polis, Valter tem sido incans\u00e1vel na defesa dos interesses da ind\u00fastria gr\u00e1fica da nossa regi\u00e3o e tamb\u00e9m um entusiasta e contribuidor para o desenvolvimento de todos os segmentos do nosso estado\u201d, afirmou o\u00a0presidente da Firjan Serrana, J\u00falio Talon.<\/p>\n\n\n\n<p><strong>Empres\u00e1rios homenageados<\/strong><\/p>\n\n\n\n<p><a><span class=\"has-inline-color has-black-color\">A federa\u00e7\u00e3o tamb\u00e9m homenageou com a Medalha do M\u00e9rito Industrial: Paulo Munck Machado, Andr\u00e9 Kauark Chianca, Celso Mattos e Antonio Fernando Pinheiro da Silva. O ator e comediante Paulo Gustavo recebeu homenagem p\u00f3stuma por meio de uma placa entregue pelo Sindicato da Ind\u00fastria Audiovisual (Sicav-RJ) \u00e0 produtora Iafa Britz. Os nomes foram escolhidos por uma comiss\u00e3o especial e ratificados pela diretoria da federa\u00e7\u00e3o.<\/span><\/a><\/p>\n\n\n\n<p>Diversos outros nomes empresariais de&nbsp;Petr\u00f3polis j\u00e1 foram celebrados pela Firjan com a Medalha do M\u00e9rito Industrial: Badro (Kafta),&nbsp;Ludovico Landau Remi (Werner Tecidos), Marcelo Soares (GE Celma), Waltraud Keuper Rodrigues Pereira (Metal\u00fargica Universal), Geraldo Carvalhosa (Gardun), Paulo Noel (Grupo Show M\u00f3veis) e Julio Talon (GE Celma). Em 2016, a Editora Vozes tamb\u00e9m foi homenageada com a homenagem p\u00f3stuma ao Frei Ant\u00f4nio Moser.<\/p>\n","protected":false},"excerpt":{"rendered":"<p>Valter Zanacoli Junior foi homenageado pela atua\u00e7\u00e3o frente ao setor gr\u00e1fico e em defesa da<\/p>\n","protected":false},"author":2,"featured_media":14943,"comment_status":"open","ping_status":"open","sticky":false,"template":"","format":"standard","meta":{"footnotes":""},"categories":[12],"tags":[],"class_list":["post-14942","post","type-post","status-publish","format-standard","has-post-thumbnail","hentry","category-cidade"],"_links":{"self":[{"href":"https:\/\/tvc16.com\/portal\/wp-json\/wp\/v2\/posts\/14942","targetHints":{"allow":["GET"]}}],"collection":[{"href":"https:\/\/tvc16.com\/portal\/wp-json\/wp\/v2\/posts"}],"about":[{"href":"https:\/\/tvc16.com\/portal\/wp-json\/wp\/v2\/types\/post"}],"author":[{"embeddable":true,"href":"https:\/\/tvc16.com\/portal\/wp-json\/wp\/v2\/users\/2"}],"replies":[{"embeddable":true,"href":"https:\/\/tvc16.com\/portal\/wp-json\/wp\/v2\/comments?post=14942"}],"version-history":[{"count":1,"href":"https:\/\/tvc16.com\/portal\/wp-json\/wp\/v2\/posts\/14942\/revisions"}],"predecessor-version":[{"id":14944,"href":"https:\/\/tvc16.com\/portal\/wp-json\/wp\/v2\/posts\/14942\/revisions\/14944"}],"wp:featuredmedia":[{"embeddable":true,"href":"https:\/\/tvc16.com\/portal\/wp-json\/wp\/v2\/media\/14943"}],"wp:attachment":[{"href":"https:\/\/tvc16.com\/portal\/wp-json\/wp\/v2\/media?parent=14942"}],"wp:term":[{"taxonomy":"category","embeddable":true,"href":"https:\/\/tvc16.com\/portal\/wp-json\/wp\/v2\/categories?post=14942"},{"taxonomy":"post_tag","embeddable":true,"href":"https:\/\/tvc16.com\/portal\/wp-json\/wp\/v2\/tags?post=14942"}],"curies":[{"name":"wp","href":"https:\/\/api.w.org\/{rel}","templated":true}]}}