{"id":14945,"date":"2021-05-25T15:47:16","date_gmt":"2021-05-25T18:47:16","guid":{"rendered":"https:\/\/tvc16.com\/portal\/?p=14945"},"modified":"2021-05-25T15:47:18","modified_gmt":"2021-05-25T18:47:18","slug":"covid-19-petropolis-inicia-vacinacao-de-pessoas-com-paralisia-cerebral-maiores-de-18-anos","status":"publish","type":"post","link":"https:\/\/tvc16.com\/portal\/2021\/05\/25\/covid-19-petropolis-inicia-vacinacao-de-pessoas-com-paralisia-cerebral-maiores-de-18-anos\/","title":{"rendered":"Covid-19: Petr\u00f3polis inicia vacina\u00e7\u00e3o de pessoas com paralisia cerebral maiores de 18 anos"},"content":{"rendered":"\n<p>A Secretaria de Sa\u00fade de Petr\u00f3polis abriu na segunda-feira (24\/05) o cadastro para vacina\u00e7\u00e3o contra a covid-19 de pessoas com paralisia cerebral maiores de 18 anos, inclu\u00eddas pelo Minist\u00e9rio da Sa\u00fade no grupo priorit\u00e1rio assim como pessoas com s\u00edndrome de down, autistas e pacientes renais cr\u00f4nicos. <\/p>\n\n\n\n<p>O munic\u00edpio tamb\u00e9m seguiu atualiza\u00e7\u00e3o do Plano Nacional de Vacina\u00e7\u00e3o e incluiu pacientes com doen\u00e7as neurol\u00f3gicas no grupo com comorbidades, que est\u00e1 sendo vacinado por faixa et\u00e1ria. Neste momento, o cadastro est\u00e1 aberto para pessoas com comorbidades com mais de 40 anos. As idades ser\u00e3o ampliadas \u00e0 medida em que o munic\u00edpio receber mais doses de vacina.<\/p>\n\n\n\n<p>Em todos os casos \u00e9 preciso que as pessoas fa\u00e7am o cadastramento no site da prefeitura (www.petropolis.rj.gov.br), agendando a data da vacina\u00e7\u00e3o. As vagas s\u00e3o abertas conforme a disponibilidade de doses da vacina no munic\u00edpio e o recebimento de novas remessas.<\/p>\n\n\n\n<p>\u201cA amplia\u00e7\u00e3o das faixas et\u00e1rias para vacina\u00e7\u00e3o est\u00e1 sendo feita de forma respons\u00e1vel, com o p\u00fablico alvo definido conforme a chegada de novos lotes com primeiras doses. Este planejamento \u00e9 o que vem garantido que todos que tomaram a primeira dose tenham a certeza de que receber\u00e3o a segunda sem qualquer atraso\u201d, destaca o prefeito interino Hingo Hammes.<\/p>\n\n\n\n<p>Idosos com mais de 60 anos, que por algum motivo n\u00e3o compareceram aos postos, continuam podendo ser vacinados, assim como pessoas com defici\u00eancia permanente cadastradas no Programa de Benef\u00edcio de Presta\u00e7\u00e3o Continuada (BPC) &#8211; este \u00faltimo grupo est\u00e1 sendo vacinado por faixa et\u00e1ria, neste momento com cadastramento para maiores de 40 anos. Pessoas com s\u00edndrome de down, autismo e pacientes renais cr\u00f4nicos em di\u00e1lise podem ser vacinados a partir dos 18 anos e tamb\u00e9m devem ser cadastradas. Trabalhadores da sa\u00fade com mais de 30 anos tamb\u00e9m est\u00e3o recebendo a vacina.<\/p>\n\n\n\n<p>A Secretaria Municipal de Sa\u00fade esclarece, ainda, que aguarda o envio de vacinas espec\u00edficas para cumprir a Lei Estadual 9.264\/21, que autoriza e permite a inclus\u00e3o de pais, tutores e cuidadores de pessoas com defici\u00eancias permanentes no grupo priorit\u00e1rio para vacina\u00e7\u00e3o contra a covid-19.<br>\u201cConforme orienta\u00e7\u00e3o da Secretaria de Estado de Sa\u00fade, esta lei ser\u00e1 cumprida t\u00e3o logo o Minist\u00e9rio da Sa\u00fade entregue doses espec\u00edficas para o grupo citado\u201d, destaca o secret\u00e1rio de Sa\u00fade Aloisio Barbosa da Silva Filho.<\/p>\n\n\n\n<p>Gestantes e pu\u00e9rperas maiores de 18 anos com comorbidades n\u00e3o precisam preencher cadastro. A vacina\u00e7\u00e3o delas est\u00e1 sendo feita no campus da UCP Benjamin Constant (Centro) e Parque Municipal, em Itaipava. Para receber a dose, al\u00e9m de comprovar o tipo de comorbidade, gestantes e pu\u00e9rperas devem apresentar laudo indicando que est\u00e3o aptas a receber a vacina contra a covid-19. A exig\u00eancia segue orienta\u00e7\u00e3o do Minist\u00e9rio da Sa\u00fade.<\/p>\n\n\n\n<p>At\u00e9 segunda-feira 78.172 pessoas receberam a primeira dose da vacina e destas, 33.470 receberam a segunda dose do imunizante. A Secretaria de Sa\u00fade segue os crit\u00e9rios do Plano Nacional de Imuniza\u00e7\u00e3o do Minist\u00e9rio da Sa\u00fade, com amplia\u00e7\u00e3o de faixas et\u00e1rias sendo feita de acordo com a quantidade de primeiras doses recebidas.<\/p>\n\n\n\n<p>Em caso de d\u00favidas \u00e9 poss\u00edvel utilizar o Whatsapp da Sa\u00fade, um assistente virtual que fornece informa\u00e7\u00f5es sobre a vacina\u00e7\u00e3o, locais de atendimento a pacientes com sintomas da doen\u00e7a e boletins. H\u00e1, ainda, informa\u00e7\u00f5es sobre a vacina\u00e7\u00e3o contra a gripe. O atendimento est\u00e1 dispon\u00edvel pelo n\u00famero (24) 9.9200-1428.<\/p>\n\n\n\n<p><strong>O Plano Nacional de Vacina\u00e7\u00e3o<\/strong><\/p>\n\n\n\n<p>Petr\u00f3polis segue o Plano Nacional de Vacina\u00e7\u00e3o, que determina a vacina\u00e7\u00e3o de todas as pessoas maiores de 18 anos (neste momento ainda n\u00e3o h\u00e1 aprova\u00e7\u00e3o, no Brasil, da vacina para crian\u00e7as e adolescentes). Em fun\u00e7\u00e3o da quantidade de doses insuficiente para todo o p\u00fablico simultaneamente, o Minist\u00e9rio da Sa\u00fade elencou os grupos priorit\u00e1rios, que foram divididos em quatro fases, come\u00e7ando pelos idosos com mais de 75 anos (1\u00aa fase), idosos com 60 a 74 anos (2\u00aa fase), pessoas com comorbidades com 18 a 59 anos (3\u00aa fase) e trabalhadores de \u00e1reas como educa\u00e7\u00e3o, limpeza p\u00fablica e transporte (4\u00aa fase). Trabalhadores da sa\u00fade tamb\u00e9m est\u00e3o na lista de prioridades.<\/p>\n\n\n\n<p>Estima-se que, em Petr\u00f3polis, mais de 100 mil pessoas fa\u00e7am parte dos grupos priorit\u00e1rios. Ap\u00f3s a conclus\u00e3o da vacina\u00e7\u00e3o nestes grupos, conforme prev\u00ea o Plano Nacional de Vacina\u00e7\u00e3o, ser\u00e1 aberto o cadastramento para a parcela da popula\u00e7\u00e3o que n\u00e3o faz parte dos grupos priorit\u00e1rios elencados pelo Minist\u00e9rio da Sa\u00fade.<\/p>\n\n\n\n<p>Confira quem pode se cadastrar para tomar a vacina contra a covid-19 no momento:<\/p>\n\n\n\n<ul class=\"wp-block-list\"><li>Pessoas com comorbidades (listadas no Plano Nacional de Imuniza\u00e7\u00e3o) maiores de 40 anos.<\/li><li>Trabalhadores da Sa\u00fade a partir de 30 anos<\/li><li>Pessoas com s\u00edndrome de down maiores de 18 anos<\/li><li>Pessoas com autismo maiores de 18 anos<\/li><li>Pessoas com paralisia cerebral maiores de 18 anos<\/li><li>Pacientes renais cr\u00f4nicos em di\u00e1lise maiores de 18 anos<\/li><li>Pessoas com defici\u00eancia permanente cadastradas no Programa de Benef\u00edcio de Presta\u00e7\u00e3o Continuada (BPC) com mais de 40 anos.<\/li><li>Idosos com mais de 60 anos<\/li><\/ul>\n","protected":false},"excerpt":{"rendered":"<p>A Secretaria de Sa\u00fade de Petr\u00f3polis abriu na segunda-feira (24\/05) o cadastro para vacina\u00e7\u00e3o contra<\/p>\n","protected":false},"author":2,"featured_media":14590,"comment_status":"open","ping_status":"open","sticky":false,"template":"","format":"standard","meta":{"footnotes":""},"categories":[12],"tags":[],"class_list":["post-14945","post","type-post","status-publish","format-standard","has-post-thumbnail","hentry","category-cidade"],"_links":{"self":[{"href":"https:\/\/tvc16.com\/portal\/wp-json\/wp\/v2\/posts\/14945","targetHints":{"allow":["GET"]}}],"collection":[{"href":"https:\/\/tvc16.com\/portal\/wp-json\/wp\/v2\/posts"}],"about":[{"href":"https:\/\/tvc16.com\/portal\/wp-json\/wp\/v2\/types\/post"}],"author":[{"embeddable":true,"href":"https:\/\/tvc16.com\/portal\/wp-json\/wp\/v2\/users\/2"}],"replies":[{"embeddable":true,"href":"https:\/\/tvc16.com\/portal\/wp-json\/wp\/v2\/comments?post=14945"}],"version-history":[{"count":1,"href":"https:\/\/tvc16.com\/portal\/wp-json\/wp\/v2\/posts\/14945\/revisions"}],"predecessor-version":[{"id":14946,"href":"https:\/\/tvc16.com\/portal\/wp-json\/wp\/v2\/posts\/14945\/revisions\/14946"}],"wp:featuredmedia":[{"embeddable":true,"href":"https:\/\/tvc16.com\/portal\/wp-json\/wp\/v2\/media\/14590"}],"wp:attachment":[{"href":"https:\/\/tvc16.com\/portal\/wp-json\/wp\/v2\/media?parent=14945"}],"wp:term":[{"taxonomy":"category","embeddable":true,"href":"https:\/\/tvc16.com\/portal\/wp-json\/wp\/v2\/categories?post=14945"},{"taxonomy":"post_tag","embeddable":true,"href":"https:\/\/tvc16.com\/portal\/wp-json\/wp\/v2\/tags?post=14945"}],"curies":[{"name":"wp","href":"https:\/\/api.w.org\/{rel}","templated":true}]}}