{"id":14947,"date":"2021-05-25T15:48:09","date_gmt":"2021-05-25T18:48:09","guid":{"rendered":"https:\/\/tvc16.com\/portal\/?p=14947"},"modified":"2021-05-25T15:48:11","modified_gmt":"2021-05-25T18:48:11","slug":"parceria-da-secretaria-de-educacao-com-o-programa-saude-na-escola","status":"publish","type":"post","link":"https:\/\/tvc16.com\/portal\/2021\/05\/25\/parceria-da-secretaria-de-educacao-com-o-programa-saude-na-escola\/","title":{"rendered":"Parceria da Secretaria de Educa\u00e7\u00e3o com o Programa Sa\u00fade na Escola"},"content":{"rendered":"\n<p>A governo municipal interino promover\u00e1 nesta semana encontros especiais, no formato remoto, por meio da parceria entre as Secretarias de Educa\u00e7\u00e3o e Sa\u00fade com o Programa Sa\u00fade na Escola: &#8220;O c\u00e2ncer e seus fatores de risco&#8221; e &#8220;A\u00e7\u00f5es do Programa Saber Sa\u00fade&#8221; &#8211; Participe e tire suas d\u00favidas\u201d. A transmiss\u00e3o ocorrer\u00e1 no YouTube da Prefeitura de Petr\u00f3polis.<\/p>\n\n\n\n<p>O primeiro encontro, &#8220;O c\u00e2ncer e seus fatores de risco&#8221;, ocorrer\u00e1 no dia 27 de maio \u00e0s 15h e ser\u00e1 ministrado pela Dra. Ingrid Campos Moura, que possui gradua\u00e7\u00e3o pela Faculdade de Medicina de Petr\u00f3polis, \u00e9 oncologista Cl\u00ednica do Centro de Terapia Oncol\u00f3gica; Oncologista Cl\u00ednica do Hospital Alcides Carneiro; Oncologista Cl\u00ednica do Centro de Terapia Oncol\u00f3gica; Oncologista do Hospital Universit\u00e1rio Clementino Fraga Filho e Oncologista Cl\u00ednica da Oncologia D&#8217;or.<\/p>\n\n\n\n<p>J\u00e1 no dia 28 de maio, \u00e0s 9h, o tema ser\u00e1 &#8220;A\u00e7\u00f5es do Programa Saber Sa\u00fade&#8221; Participe e tire suas d\u00favidas, com Priscila Leite, nutricionista infantil com forma\u00e7\u00e3o em pr\u00e1ticas l\u00fadicas de educa\u00e7\u00e3o alimentar e nutricional, com foco em seletividade e reintrodu\u00e7\u00e3o alimentar.<\/p>\n\n\n\n<p>\u201cOportunidade de esclarecimento e atualiza\u00e7\u00e3o. Importante a participa\u00e7\u00e3o dos profissionais da rede municipal e tamb\u00e9m da Sa\u00fade, e a transmiss\u00e3o via YouTube facilita a divulga\u00e7\u00e3o. S\u00e3o temas interessantes e que devem fazer parte das discuss\u00f5es nas pr\u00e1ticas di\u00e1rias\u201d, informa o prefeito interino, Hingo Hammes.<\/p>\n\n\n\n<p>A secret\u00e1ria de Educa\u00e7\u00e3o, Marcia Palma, refor\u00e7a a import\u00e2ncia da participa\u00e7\u00e3o dos profissionais da rede municipal e agradece o apoio do PSE. \u201cO Programa Sa\u00fade na Escola \u00e9 um grande colaborador da Educa\u00e7\u00e3o e sempre nos d\u00e1 apoio nas iniciativas de conscientiza\u00e7\u00e3o. Esses ser\u00e3o mais dois momentos marcantes nessa parceria e agrade\u00e7o o apoio da Sa\u00fade e desde j\u00e1 a disponibiliza\u00e7\u00e3o dos profissionais participantes e dos servidores que participar\u00e3o ativamente dos encontros e ser\u00e3o multiplicadores das informa\u00e7\u00f5es repassadas\u201d.<\/p>\n","protected":false},"excerpt":{"rendered":"<p>A governo municipal interino promover\u00e1 nesta semana encontros especiais, no formato remoto, por meio da<\/p>\n","protected":false},"author":2,"featured_media":14705,"comment_status":"open","ping_status":"open","sticky":false,"template":"","format":"standard","meta":{"footnotes":""},"categories":[12],"tags":[],"class_list":["post-14947","post","type-post","status-publish","format-standard","has-post-thumbnail","hentry","category-cidade"],"_links":{"self":[{"href":"https:\/\/tvc16.com\/portal\/wp-json\/wp\/v2\/posts\/14947","targetHints":{"allow":["GET"]}}],"collection":[{"href":"https:\/\/tvc16.com\/portal\/wp-json\/wp\/v2\/posts"}],"about":[{"href":"https:\/\/tvc16.com\/portal\/wp-json\/wp\/v2\/types\/post"}],"author":[{"embeddable":true,"href":"https:\/\/tvc16.com\/portal\/wp-json\/wp\/v2\/users\/2"}],"replies":[{"embeddable":true,"href":"https:\/\/tvc16.com\/portal\/wp-json\/wp\/v2\/comments?post=14947"}],"version-history":[{"count":1,"href":"https:\/\/tvc16.com\/portal\/wp-json\/wp\/v2\/posts\/14947\/revisions"}],"predecessor-version":[{"id":14948,"href":"https:\/\/tvc16.com\/portal\/wp-json\/wp\/v2\/posts\/14947\/revisions\/14948"}],"wp:featuredmedia":[{"embeddable":true,"href":"https:\/\/tvc16.com\/portal\/wp-json\/wp\/v2\/media\/14705"}],"wp:attachment":[{"href":"https:\/\/tvc16.com\/portal\/wp-json\/wp\/v2\/media?parent=14947"}],"wp:term":[{"taxonomy":"category","embeddable":true,"href":"https:\/\/tvc16.com\/portal\/wp-json\/wp\/v2\/categories?post=14947"},{"taxonomy":"post_tag","embeddable":true,"href":"https:\/\/tvc16.com\/portal\/wp-json\/wp\/v2\/tags?post=14947"}],"curies":[{"name":"wp","href":"https:\/\/api.w.org\/{rel}","templated":true}]}}