{"id":14955,"date":"2021-05-25T16:00:27","date_gmt":"2021-05-25T19:00:27","guid":{"rendered":"https:\/\/tvc16.com\/portal\/?p=14955"},"modified":"2021-05-25T16:00:30","modified_gmt":"2021-05-25T19:00:30","slug":"fiocruz-retoma-producao-da-vacina-contra-covid-19","status":"publish","type":"post","link":"https:\/\/tvc16.com\/portal\/2021\/05\/25\/fiocruz-retoma-producao-da-vacina-contra-covid-19\/","title":{"rendered":"Fiocruz retoma produ\u00e7\u00e3o da vacina contra covid-19"},"content":{"rendered":"\n<h3 class=\"wp-block-heading\">Insumo \u00e9 suficiente para produ\u00e7\u00e3o de 12 milh\u00f5es de doses<\/h3>\n\n\n\n<h4 class=\"wp-block-heading\">Por Vin\u00edcius Lisboa &#8211; Rep\u00f3rter da Ag\u00eancia Brasil &#8211; Rio de Janeiro<\/h4>\n\n\n\n<p>O Instituto de Tecnologia em Imunobiol\u00f3gicos da Funda\u00e7\u00e3o Oswaldo Cruz (Bio-Manguinhos\/Fiocruz) retomou hoje (25) a produ\u00e7\u00e3o da vacina Oxford\/AstraZeneca contra covid-19, que&nbsp;<a href=\"https:\/\/agenciabrasil.ebc.com.br\/radioagencia-nacional\/saude\/audio\/2021-05\/fiocruz-interrompe-producao-de-vacinas-contra-covid-19-nesta-quinta\" target=\"_blank\" rel=\"noreferrer noopener\">estava interrompida desde a \u00faltima quinta-feira (20)<\/a>. A linha de produ\u00e7\u00e3o p\u00f4de ser reativada porque um&nbsp;<a href=\"http:\/\/https\/\/agenciabrasil.ebc.com.br\/saude\/noticia\/2021-05\/fiocruz-recebe-nova-remessa-de-insumo-para-producao-de-vacina\" target=\"_blank\" rel=\"noreferrer noopener\">novo carregamento do ingrediente farmac\u00eautico ativo (IFA) chegou da China no \u00faltimo s\u00e1bado (22)<\/a>.<img decoding=\"async\" src=\"https:\/\/agenciabrasil.ebc.com.br\/ebc.png?id=1410652&amp;o=node\"><img decoding=\"async\" src=\"https:\/\/agenciabrasil.ebc.com.br\/ebc.gif?id=1410652&amp;o=node\"><\/p>\n\n\n\n<p>A Fiocruz recebeu no fim de semana insumo suficiente para produzir 12 milh\u00f5es de doses, o que assegura a produ\u00e7\u00e3o de vacinas at\u00e9 a terceira semana de junho e entregas ininterruptas ao Programa Nacional de Imuniza\u00e7\u00f5es (PNI) at\u00e9 3 de julho.<\/p>\n\n\n\n<p>O&nbsp;<a href=\"https:\/\/agenciabrasil.ebc.com.br\/saude\/noticia\/2021-02\/agencia-brasil-explica-o-que-e-o-ifa\" target=\"_blank\" rel=\"noreferrer noopener\">IFA \u00e9 considerado o componente mais importante da vacina<\/a>, por conter as informa\u00e7\u00f5es gen\u00e9ticas que v\u00e3o despertar a resposta imunol\u00f3gica contra o novo coronav\u00edrus.&nbsp;O insumo \u00e9 transportado a uma temperatura de -55 graus Celsius e precisa ser descongelado lentamente ao chegar \u00e0 f\u00e1brica.<\/p>\n\n\n\n<p>O processo de produ\u00e7\u00e3o das vacinas em Bio-Manguinhos inclui um longo protocolo de controle de qualidade, que demora at\u00e9 quatro semanas para garantir a efic\u00e1cia e a seguran\u00e7a do lote fabricado, at\u00e9 a libera\u00e7\u00e3o para o PNI, do Minist\u00e9rio da Sa\u00fade.<\/p>\n\n\n\n<p>As doses que come\u00e7ar\u00e3o a ser produzidas hoje devem ser entregues para o Sistema \u00danico de Sa\u00fade (SUS) somente entre 14 e 19 de junho.<\/p>\n\n\n\n<h2 class=\"wp-block-heading\">&gt;&gt; Veja na&nbsp;<strong>TV Brasil<\/strong>:<\/h2>\n\n\n\n<figure class=\"wp-block-embed is-type-rich is-provider-incorporar-manipulador wp-block-embed-incorporar-manipulador wp-embed-aspect-16-9 wp-has-aspect-ratio\"><div class=\"wp-block-embed__wrapper\">\n<iframe loading=\"lazy\" title=\"Chegada de mat\u00e9ria-prima permite que Brasil retome produ\u00e7\u00e3o de vacinas\" width=\"640\" height=\"360\" src=\"https:\/\/www.youtube.com\/embed\/AyhQM5ocvmI?feature=oembed\" frameborder=\"0\" allow=\"accelerometer; autoplay; clipboard-write; encrypted-media; gyroscope; picture-in-picture; web-share\" referrerpolicy=\"strict-origin-when-cross-origin\" allowfullscreen><\/iframe>\n<\/div><\/figure>\n\n\n\n<h2 class=\"wp-block-heading\">Pr\u00f3ximas entregas<\/h2>\n\n\n\n<p>Cronograma apresentado na \u00faltima quinta-feira (20) pelo&nbsp;vice-presidente de Produ\u00e7\u00e3o e Inova\u00e7\u00e3o da Fiocruz, Marco Krieger,&nbsp;\u00e0 Comiss\u00e3o de Enfrentamento \u00e0 Covid-19 da C\u00e2mara dos Deputados previa que as pr\u00f3ximas entregas semanais seriam de 4,9 milh\u00f5es, 5,1 milh\u00f5es e 2,8 milh\u00f5es de doses.<\/p>\n\n\n\n<p>Na \u00faltima sexta-feira (21),&nbsp;<a href=\"https:\/\/agenciabrasil.ebc.com.br\/saude\/noticia\/2021-05\/fiocruz-entrega-mais-61-milhoes-de-vacinas-contra-covid-19\" target=\"_blank\" rel=\"noreferrer noopener\">foram entregues 6,1 milh\u00f5es<\/a>&nbsp;&#8211; 800 mil doses a mais do que a previs\u00e3o inicial.&nbsp;Segundo Krieger, a Fiocruz deve entregar mais 26 milh\u00f5es de doses ao PNI at\u00e9 o in\u00edcio de julho e chegar ao total de 62 milh\u00f5es com os carregamentos de IFA que j\u00e1 chegaram ao Brasil.<\/p>\n\n\n\n<p>O acordo de encomenda tecnol\u00f3gica entre a Fiocruz e a farmac\u00eautica AstraZeneca prev\u00ea a produ\u00e7\u00e3o de 100,4 milh\u00f5es de doses a partir da chegada de 14 lotes do IFA, que \u00e9 produzido pelo laborat\u00f3rio chin\u00eas WuXi Biologics.<\/p>\n\n\n\n<p>No carregamento do \u00faltimo s\u00e1bado, a Fiocruz recebeu dois lotes, totalizando dez remessas j\u00e1 enviadas. A previs\u00e3o \u00e9 que mais dois lotes cheguem em junho, e os \u00faltimos dois, em julho.&nbsp;<\/p>\n\n\n\n<p>At\u00e9 o momento, a Fiocruz j\u00e1 produziu e entregou ao PNI 37,1 milh\u00f5es de doses contra a covid-19. Al\u00e9m dessas, tamb\u00e9m chegaram aos postos de vacina\u00e7\u00e3o 4 milh\u00f5es de doses da vacina Oxford\/AstraZeneca produzidas pelo Instituto Serum, da \u00cdndia.<\/p>\n\n\n\n<p>Edi\u00e7\u00e3o: L\u00edlian Beraldo<\/p>\n","protected":false},"excerpt":{"rendered":"<p>Insumo \u00e9 suficiente para produ\u00e7\u00e3o de 12 milh\u00f5es de doses Por Vin\u00edcius Lisboa &#8211; Rep\u00f3rter<\/p>\n","protected":false},"author":2,"featured_media":14957,"comment_status":"open","ping_status":"open","sticky":false,"template":"","format":"standard","meta":{"footnotes":""},"categories":[17],"tags":[],"class_list":["post-14955","post","type-post","status-publish","format-standard","has-post-thumbnail","hentry","category-outras-noticias"],"_links":{"self":[{"href":"https:\/\/tvc16.com\/portal\/wp-json\/wp\/v2\/posts\/14955","targetHints":{"allow":["GET"]}}],"collection":[{"href":"https:\/\/tvc16.com\/portal\/wp-json\/wp\/v2\/posts"}],"about":[{"href":"https:\/\/tvc16.com\/portal\/wp-json\/wp\/v2\/types\/post"}],"author":[{"embeddable":true,"href":"https:\/\/tvc16.com\/portal\/wp-json\/wp\/v2\/users\/2"}],"replies":[{"embeddable":true,"href":"https:\/\/tvc16.com\/portal\/wp-json\/wp\/v2\/comments?post=14955"}],"version-history":[{"count":1,"href":"https:\/\/tvc16.com\/portal\/wp-json\/wp\/v2\/posts\/14955\/revisions"}],"predecessor-version":[{"id":14958,"href":"https:\/\/tvc16.com\/portal\/wp-json\/wp\/v2\/posts\/14955\/revisions\/14958"}],"wp:featuredmedia":[{"embeddable":true,"href":"https:\/\/tvc16.com\/portal\/wp-json\/wp\/v2\/media\/14957"}],"wp:attachment":[{"href":"https:\/\/tvc16.com\/portal\/wp-json\/wp\/v2\/media?parent=14955"}],"wp:term":[{"taxonomy":"category","embeddable":true,"href":"https:\/\/tvc16.com\/portal\/wp-json\/wp\/v2\/categories?post=14955"},{"taxonomy":"post_tag","embeddable":true,"href":"https:\/\/tvc16.com\/portal\/wp-json\/wp\/v2\/tags?post=14955"}],"curies":[{"name":"wp","href":"https:\/\/api.w.org\/{rel}","templated":true}]}}