{"id":14959,"date":"2021-05-25T16:01:41","date_gmt":"2021-05-25T19:01:41","guid":{"rendered":"https:\/\/tvc16.com\/portal\/?p=14959"},"modified":"2021-05-25T16:01:43","modified_gmt":"2021-05-25T19:01:43","slug":"medina-fatura-rottnest-search-e-dispara-na-lideranca-do-circuito","status":"publish","type":"post","link":"https:\/\/tvc16.com\/portal\/2021\/05\/25\/medina-fatura-rottnest-search-e-dispara-na-lideranca-do-circuito\/","title":{"rendered":"Medina fatura Rottnest Search e dispara na lideran\u00e7a do circuito"},"content":{"rendered":"\n<h3 class=\"wp-block-heading\">\u00c9 o 2\u00ba t\u00edtulo do brasileiro que chegou a quatro finais em cinco etapas<\/h3>\n\n\n\n<h4 class=\"wp-block-heading\">Por Ag\u00eancia Brasil &#8211; Rio de Janeiro<\/h4>\n\n\n\n<p>O bicampe\u00e3o mundial Gabriel Medina disparou na classifica\u00e7\u00e3o do Circuito Mundial de Surfe na madrugada desta ter\u00e7a-feira (25) ap\u00f3s vencer a etapa Rottnest Search, na Austr\u00e1lia. Antes de conquistar o t\u00edtulo, o segundo na temporada, Medina superou na semifinal o compatriota \u00cdtalo Ferreira, vice-lider no ranking. Na sequ\u00eancia, surfou melhor que o australiano Morgan Cibilic e levantou o trof\u00e9u de Rottnest Search, a&nbsp;quarta e \u00faltima etapa da \u201cperna australiana\u201d que s\u00f3 teve brasileiros no alto do p\u00f3dio.<img decoding=\"async\" src=\"https:\/\/agenciabrasil.ebc.com.br\/ebc.png?id=1410682&amp;o=node\"><img decoding=\"async\" src=\"https:\/\/agenciabrasil.ebc.com.br\/ebc.gif?id=1410682&amp;o=node\"><\/p>\n\n\n\n<blockquote class=\"wp-block-quote is-layout-flow wp-block-quote-is-layout-flow\"><p>\u201cEsse trof\u00e9u \u00e9 especial para mim, porque tem muita hist\u00f3ria. Quando eu comecei a competir no CT, meu sonho era disputar os eventos do Search para surfar ondas perfeitas e agora estou aqui novamente, com este trof\u00e9u incr\u00edvel, disse Medina em entrevista \u00e0 World Surf League (WSL).&nbsp;<\/p><\/blockquote>\n\n\n\n<p>\u201cEu estava bem triste esse ano e nem queria vir para c\u00e1. Mas, minha mulher (Yasmim Brunet) falou: vamos, voc\u00ea est\u00e1 surfando, treinando, por que n\u00e3o est\u00e1 feliz? No final, foi a melhor decis\u00e3o. Senti que superei as expectativas em todos os eventos aqui e todo mundo tem dias dif\u00edceis. O importante \u00e9 ser forte, que tudo tem a sua recompensa\u201d, revelou o surfista do litoral paulista, que s\u00f3 nesta temporada chegou a quatro finais em cinco etapas disputadas.&nbsp;<\/p>\n\n\n\n<p>Ap\u00f3s dois dias de paralisa\u00e7\u00e3o da etapa devido \u00e0s condi\u00e7\u00f5es do mar, a disputa foi retomada nesta madrugada, ainda com frequ\u00eancia reduzida de ondas. Na primeira semifinal, o dono da casa Morgan Cibilic (nota final 10.67) eliminou Liam O\u2019Brien (8.33).&nbsp;<\/p>\n\n\n\n<figure class=\"wp-block-image\"><img decoding=\"async\" src=\"https:\/\/imagens.ebc.com.br\/3SzoLDQb2sGHSyEtBwCXmFfy6Tg=\/754x0\/smart\/https:\/\/agenciabrasil.ebc.com.br\/sites\/default\/files\/thumbnails\/image\/gabriel_medina_wsl_2505218874.jpg?itok=E-emGSbp\" alt=\"Rip Curl Rottnest Search presented by Corona\" title=\"Matt Dunbar\/World Surf League via Getty Images\/Direitos Reservados\"\/><\/figure>\n\n\n\n<p>Medina j\u00e1 participou de quatro das cinco finais da temporada do Circuto Mundial de surfe. Nesta madrugada o bicampe\u00e3o conquistou o segundo t\u00edtulo de 2021&nbsp;&#8211;&nbsp;<strong>Matt Dunbar\/World Surf League via Getty Images\/Direitos Reservados<\/strong><\/p>\n\n\n\n<p>A outra semi teve embate verde e amarelo: o paulista Medina contra o potiguar \u00cdtalo, ainda com ondas fracas. Mesmo assim, Medina sobrou diante do compatriota,&nbsp; tamb\u00e9m campe\u00e3o mundial, com nota final 13.70 contra 7.17 do potiguar.&nbsp;<\/p>\n\n\n\n<p>No confronto final, ainda com ondas ruins &#8211; fechando r\u00e1pido &#8211;&nbsp;Medina e o autraliano Morgan Cibilic travaram uma disputa equilibrada no in\u00edcio da bateria. Ap\u00f3s surfar uma esquerda e sair com rasgadas em velocidade, Medina obteve nota 7.00. J\u00e1 o advers\u00e1rio fez 7.27. J\u00e1 a 19 minutos para o fim da bateria, Medina sobrou no mar australiano, recebendo 8.50, com somot\u00e1rio de 15.50. Na sequ\u00eancia, o australiano ficou esperando a onda perfeita para tentar superar a nota de Medina, mas o mar n\u00e3o colaborou, e o t\u00edtulo ficou com o brasileiro.<\/p>\n\n\n\n<p>A pr\u00f3xima etapa ser\u00e1 na onda artificial de Surf Ranch, na Calif\u00f3rnia (Estados Unidos) no per\u00edodo de 18 a 20 de junho.<\/p>\n\n\n\n<p>Edi\u00e7\u00e3o: Cl\u00e1udia Soares Rodrigues<\/p>\n","protected":false},"excerpt":{"rendered":"<p>\u00c9 o 2\u00ba t\u00edtulo do brasileiro que chegou a quatro finais em cinco etapas Por<\/p>\n","protected":false},"author":2,"featured_media":14960,"comment_status":"open","ping_status":"open","sticky":false,"template":"","format":"standard","meta":{"footnotes":""},"categories":[17],"tags":[],"class_list":["post-14959","post","type-post","status-publish","format-standard","has-post-thumbnail","hentry","category-outras-noticias"],"_links":{"self":[{"href":"https:\/\/tvc16.com\/portal\/wp-json\/wp\/v2\/posts\/14959","targetHints":{"allow":["GET"]}}],"collection":[{"href":"https:\/\/tvc16.com\/portal\/wp-json\/wp\/v2\/posts"}],"about":[{"href":"https:\/\/tvc16.com\/portal\/wp-json\/wp\/v2\/types\/post"}],"author":[{"embeddable":true,"href":"https:\/\/tvc16.com\/portal\/wp-json\/wp\/v2\/users\/2"}],"replies":[{"embeddable":true,"href":"https:\/\/tvc16.com\/portal\/wp-json\/wp\/v2\/comments?post=14959"}],"version-history":[{"count":1,"href":"https:\/\/tvc16.com\/portal\/wp-json\/wp\/v2\/posts\/14959\/revisions"}],"predecessor-version":[{"id":14961,"href":"https:\/\/tvc16.com\/portal\/wp-json\/wp\/v2\/posts\/14959\/revisions\/14961"}],"wp:featuredmedia":[{"embeddable":true,"href":"https:\/\/tvc16.com\/portal\/wp-json\/wp\/v2\/media\/14960"}],"wp:attachment":[{"href":"https:\/\/tvc16.com\/portal\/wp-json\/wp\/v2\/media?parent=14959"}],"wp:term":[{"taxonomy":"category","embeddable":true,"href":"https:\/\/tvc16.com\/portal\/wp-json\/wp\/v2\/categories?post=14959"},{"taxonomy":"post_tag","embeddable":true,"href":"https:\/\/tvc16.com\/portal\/wp-json\/wp\/v2\/tags?post=14959"}],"curies":[{"name":"wp","href":"https:\/\/api.w.org\/{rel}","templated":true}]}}