{"id":14965,"date":"2021-05-25T16:03:27","date_gmt":"2021-05-25T19:03:27","guid":{"rendered":"https:\/\/tvc16.com\/portal\/?p=14965"},"modified":"2021-05-25T16:03:30","modified_gmt":"2021-05-25T19:03:30","slug":"eliminatorias-tite-chama-emerson-para-substituir-lateral-daniel-alves","status":"publish","type":"post","link":"https:\/\/tvc16.com\/portal\/2021\/05\/25\/eliminatorias-tite-chama-emerson-para-substituir-lateral-daniel-alves\/","title":{"rendered":"Eliminat\u00f3rias: Tite chama Emerson para substituir lateral Daniel Alves"},"content":{"rendered":"\n<h3 class=\"wp-block-heading\">Jogador de 22 anos estava na lista da sele\u00e7\u00e3o ol\u00edmpica de Jardine<\/h3>\n\n\n\n<h4 class=\"wp-block-heading\"> Por Ag\u00eancia Brasil &#8211; Rio de Janeiro<\/h4>\n\n\n\n<p>O t\u00e9cnico Tite convocou&nbsp;nesta&nbsp;ter\u00e7a-feira (25) o lateral-direito Emerson, do Betis (Espanha), para substituir Daniel Alves na sele\u00e7\u00e3o brasileira masculina de futebol. Daniel foi&nbsp;cortado da equipe ap\u00f3s confirma\u00e7\u00e3o de les\u00e3o no&nbsp;joelho direito. Os&nbsp;<a href=\"https:\/\/agenciabrasil.ebc.com.br\/esportes\/noticia\/2021-05\/eliminatorias-tite-convoca-selecao-para-enfrentar-equador-e-paraguai#\">convocados de Tite&nbsp;<\/a>se apresentam a partir de amanh\u00e3 (26) na&nbsp;Granja Comary, em Teres\u00f3polis (RJ), para o in\u00edcio da prepara\u00e7\u00e3o para os pr\u00f3ximos dois jogos das Eliminat\u00f3rias Sul-Americanas da Copa do Mundo do Catar 2022. O primeiro duelo ser\u00e1 contra o Equador, no dia 4 de junho,&nbsp;no est\u00e1dio Beira-Rio, em Porto Alegre, e quatro dias depois a sele\u00e7\u00e3o encara o Paraguai,&nbsp;na capital Assun\u00e7\u00e3o.&nbsp;<img decoding=\"async\" src=\"https:\/\/agenciabrasil.ebc.com.br\/ebc.png?id=1410706&amp;o=node\"><img decoding=\"async\" src=\"https:\/\/agenciabrasil.ebc.com.br\/ebc.gif?id=1410706&amp;o=node\"><\/p>\n\n\n\n<p>Emerson, de 22 anos, fora chamado semana passada pelo treinador Andr\u00e9 Jardine, para integrar&nbsp;a sele\u00e7\u00e3o ol\u00edmpica. Menos de uma hora ap\u00f3s o an\u00fancio de Tite, o&nbsp;t\u00e9cnico Jardine convocou o lateral-direito Guga, Atl\u00e9tico-MG&nbsp;&nbsp;para a posi\u00e7\u00e3o deixada pelo jogador do Betis. A sele\u00e7\u00e3o ol\u00edmpica far\u00e1 dois \u00faltimos jogos preparat\u00f3rios em Belgrado (S\u00e9rvia) &#8211; dias 5 e 8 de junho &#8211; antes da convoca\u00e7\u00e3o final para os Jogos de T\u00f3quio (Jap\u00e3o).&nbsp;<\/p>\n\n\n\n<figure class=\"wp-block-image\"><img decoding=\"async\" src=\"https:\/\/imagens.ebc.com.br\/DEVsrw5IzqfYtfblIy4HQc1W1_E=\/754x0\/smart\/https:\/\/agenciabrasil.ebc.com.br\/sites\/default\/files\/thumbnails\/image\/guga_selecao_olimpica_jardine.jpeg?itok=puR0Qitc\" alt=\"Guga, do Atl\u00e9tico-MG, \u00e9 convocado para o lugar de Emerson, na sele\u00e7\u00e3o ol\u00edmpica - brasil - futebol\" title=\"Lucas Figueiredo\/CBF\/Direitos Reservados\"\/><\/figure>\n\n\n\n<p>Lateral-direito Guga, do Atl\u00e9tico-MG, vai substituir Emerson na sele\u00e7\u00e3o ol\u00edmpica, que far\u00e1&nbsp;os dois \u00faltimos&nbsp; jogos preparat\u00f3rios em&nbsp;Belgrado (S\u00e9rvia), antes dos Jogos de T\u00f3quio&nbsp;&#8211;&nbsp;<strong>Lucas Figueiredo\/CBF\/Direitos Reservados<\/strong><\/p>\n\n\n\n<p>A desconvoca\u00e7\u00e3o de Daniel Alves \u00e9 a segunda baixa da sele\u00e7\u00e3o, desde a convoca\u00e7\u00e3o no \u00faltimo dia 14. O primeiro corte ocorreu na \u00faltima sexta (21): o zagueiro Lucas Ver\u00edssimo, do Benfica (Portugal) perdeu a posi\u00e7\u00e3o para Felipe, do Atl\u00e9tico de Madrid (Espanha). \u00danico estreante na lista de Tite, Lucas foi cortado ap\u00f3s sofrer les\u00e3o muscular na coxa direita.&nbsp;<\/p>\n\n\n\n<p>Invicta nas Eliminat\u00f3rias, a sele\u00e7\u00e3o brasileira lidera a classifica\u00e7\u00e3o,&nbsp;com 12 pontos (quatro vit\u00f3rias, com 12 gols), seguida&nbsp;por Argentina (10) e Equador (9).<\/p>\n\n\n\n<p>Edi\u00e7\u00e3o: Cl\u00e1udia Soares Rodrigues<\/p>\n","protected":false},"excerpt":{"rendered":"<p>Jogador de 22 anos estava na lista da sele\u00e7\u00e3o ol\u00edmpica de Jardine Por Ag\u00eancia Brasil<\/p>\n","protected":false},"author":2,"featured_media":14966,"comment_status":"open","ping_status":"open","sticky":false,"template":"","format":"standard","meta":{"footnotes":""},"categories":[17],"tags":[],"class_list":["post-14965","post","type-post","status-publish","format-standard","has-post-thumbnail","hentry","category-outras-noticias"],"_links":{"self":[{"href":"https:\/\/tvc16.com\/portal\/wp-json\/wp\/v2\/posts\/14965","targetHints":{"allow":["GET"]}}],"collection":[{"href":"https:\/\/tvc16.com\/portal\/wp-json\/wp\/v2\/posts"}],"about":[{"href":"https:\/\/tvc16.com\/portal\/wp-json\/wp\/v2\/types\/post"}],"author":[{"embeddable":true,"href":"https:\/\/tvc16.com\/portal\/wp-json\/wp\/v2\/users\/2"}],"replies":[{"embeddable":true,"href":"https:\/\/tvc16.com\/portal\/wp-json\/wp\/v2\/comments?post=14965"}],"version-history":[{"count":1,"href":"https:\/\/tvc16.com\/portal\/wp-json\/wp\/v2\/posts\/14965\/revisions"}],"predecessor-version":[{"id":14967,"href":"https:\/\/tvc16.com\/portal\/wp-json\/wp\/v2\/posts\/14965\/revisions\/14967"}],"wp:featuredmedia":[{"embeddable":true,"href":"https:\/\/tvc16.com\/portal\/wp-json\/wp\/v2\/media\/14966"}],"wp:attachment":[{"href":"https:\/\/tvc16.com\/portal\/wp-json\/wp\/v2\/media?parent=14965"}],"wp:term":[{"taxonomy":"category","embeddable":true,"href":"https:\/\/tvc16.com\/portal\/wp-json\/wp\/v2\/categories?post=14965"},{"taxonomy":"post_tag","embeddable":true,"href":"https:\/\/tvc16.com\/portal\/wp-json\/wp\/v2\/tags?post=14965"}],"curies":[{"name":"wp","href":"https:\/\/api.w.org\/{rel}","templated":true}]}}