{"id":14968,"date":"2021-05-25T16:04:17","date_gmt":"2021-05-25T19:04:17","guid":{"rendered":"https:\/\/tvc16.com\/portal\/?p=14968"},"modified":"2021-05-25T16:04:19","modified_gmt":"2021-05-25T19:04:19","slug":"ex-tecnico-do-bayern-de-munique-flick-assumira-alemanha-ate-2024","status":"publish","type":"post","link":"https:\/\/tvc16.com\/portal\/2021\/05\/25\/ex-tecnico-do-bayern-de-munique-flick-assumira-alemanha-ate-2024\/","title":{"rendered":"Ex-t\u00e9cnico do Bayern de Munique, Flick assumir\u00e1 Alemanha at\u00e9 2024"},"content":{"rendered":"\n<h3 class=\"wp-block-heading\">Hansi Flick vai substituir Joachim Loew ap\u00f3s o Campeonato Europeu<\/h3>\n\n\n\n<h4 class=\"wp-block-heading\">Por Karolos Grohmann &#8211; Frankfurt (Alemanha)<\/h4>\n\n\n\n<p>Ex-t\u00e9cnico do Bayern de Munique, Hansi Flick assinou um contrato de tr\u00eas anos nesta ter\u00e7a-feira (25) para assumir a sele\u00e7\u00e3o da Alemanha ap\u00f3s o final do Campeonato Europeu deste ver\u00e3o, comunicou a Associa\u00e7\u00e3o Alem\u00e3 de Futebol (DFB).<img decoding=\"async\" src=\"https:\/\/agenciabrasil.ebc.com.br\/ebc.png?id=1410708&amp;o=node\"><img decoding=\"async\" src=\"https:\/\/agenciabrasil.ebc.com.br\/ebc.gif?id=1410708&amp;o=node\"><\/p>\n\n\n\n<p>Ele suceder\u00e1 Joachim Loew, com quem conquistou a Copa do Mundo de 2014 como assistente, e ter\u00e1 que concluir uma reforma que foi interrompida por uma sequ\u00eancia de resultados ruins e a pandemia de coronav\u00edrus.<\/p>\n\n\n\n<p>&#8220;Tudo aconteceu surpreendentemente r\u00e1pido para mim, e estou feliz de ser o t\u00e9cnico da sele\u00e7\u00e3o a partir do outono&#8221;, disse Flick, que era o favorito ao cargo, em um comunicado.<\/p>\n\n\n\n<p>&#8220;Meu entusiasmo \u00e9 enorme, porque vejo a qualidade dos jogadores, especialmente os jovens, na Alemanha. Por isso, temos todos os motivos para encarar os pr\u00f3ximos torneios, por exemplo nossa Euro 2024 em casa, com otimismo.&#8221;<\/p>\n\n\n\n<p>A Alemanha sediar\u00e1 o Campeonato Europeu de 2024.<\/p>\n\n\n\n<p>Flick levou o Bayern \u00e0 conquista de seis t\u00edtulos na temporada 2019\/2020, e tamb\u00e9m conquistou a coroa da atual temporada do Campeonato Alem\u00e3o depois de assumir inicialmente como treinador interino no final de 2019, mas decidiu deixar os campe\u00f5es depois de 18 meses bem-sucedidos na fun\u00e7\u00e3o.<\/p>\n\n\n\n<p>Loew, que tinha contrato at\u00e9 2022, tamb\u00e9m ajudou a Alemanha a triunfar na Copa das Confedera\u00e7\u00f5es de 2017, mas seu time foi eliminado na primeira rodada da Copa do Mundo de 2018 e tem mostrado dificuldade de exibir um futebol de alto n\u00edvel, apesar das mudan\u00e7as.<\/p>\n\n\n\n<p>Uma derrota de 6 x 0 para a Espanha na Liga das Na\u00e7\u00f5es em novembro foi a pior derrota dos alem\u00e3es em competi\u00e7\u00f5es.<\/p>\n","protected":false},"excerpt":{"rendered":"<p>Hansi Flick vai substituir Joachim Loew ap\u00f3s o Campeonato Europeu Por Karolos Grohmann &#8211; Frankfurt<\/p>\n","protected":false},"author":2,"featured_media":14969,"comment_status":"open","ping_status":"open","sticky":false,"template":"","format":"standard","meta":{"footnotes":""},"categories":[17],"tags":[],"class_list":["post-14968","post","type-post","status-publish","format-standard","has-post-thumbnail","hentry","category-outras-noticias"],"_links":{"self":[{"href":"https:\/\/tvc16.com\/portal\/wp-json\/wp\/v2\/posts\/14968","targetHints":{"allow":["GET"]}}],"collection":[{"href":"https:\/\/tvc16.com\/portal\/wp-json\/wp\/v2\/posts"}],"about":[{"href":"https:\/\/tvc16.com\/portal\/wp-json\/wp\/v2\/types\/post"}],"author":[{"embeddable":true,"href":"https:\/\/tvc16.com\/portal\/wp-json\/wp\/v2\/users\/2"}],"replies":[{"embeddable":true,"href":"https:\/\/tvc16.com\/portal\/wp-json\/wp\/v2\/comments?post=14968"}],"version-history":[{"count":1,"href":"https:\/\/tvc16.com\/portal\/wp-json\/wp\/v2\/posts\/14968\/revisions"}],"predecessor-version":[{"id":14970,"href":"https:\/\/tvc16.com\/portal\/wp-json\/wp\/v2\/posts\/14968\/revisions\/14970"}],"wp:featuredmedia":[{"embeddable":true,"href":"https:\/\/tvc16.com\/portal\/wp-json\/wp\/v2\/media\/14969"}],"wp:attachment":[{"href":"https:\/\/tvc16.com\/portal\/wp-json\/wp\/v2\/media?parent=14968"}],"wp:term":[{"taxonomy":"category","embeddable":true,"href":"https:\/\/tvc16.com\/portal\/wp-json\/wp\/v2\/categories?post=14968"},{"taxonomy":"post_tag","embeddable":true,"href":"https:\/\/tvc16.com\/portal\/wp-json\/wp\/v2\/tags?post=14968"}],"curies":[{"name":"wp","href":"https:\/\/api.w.org\/{rel}","templated":true}]}}